{"id":901268,"date":"2026-08-27T13:04:34","date_gmt":"2026-08-27T11:04:34","guid":{"rendered":"https:\/\/grundlinien.de\/?p=901268"},"modified":"2026-08-27T13:09:34","modified_gmt":"2026-08-27T11:09:34","slug":"01","status":"publish","type":"post","link":"https:\/\/grundlinien.de\/es\/01\/","title":{"rendered":"1"},"content":{"rendered":"\n<figure class=\"wp-block-image aligncenter size-full is-style-rounded\"><img loading=\"lazy\" decoding=\"async\" width=\"565\" height=\"230\" src=\"https:\/\/grundlinien.de\/wp-content\/uploads\/2023\/09\/Hegel_am_Pult-e1693644263468.jpg\" alt=\"\" class=\"wp-image-1809\"\/><\/figure>\n\n\n\n<p class=\"wp-block-paragraph\"><\/p>\n\n\n\n<h5 class=\"wp-block-heading\">Introducci\u00f3n<\/h5>\n\n\n\n<p class=\"has-drop-cap wp-block-paragraph\"><em>La<\/em> <em>ciencia<\/em> <em>filos\u00f3fica<\/em> <em>del derecho<\/em> tiene por objeto la <span id=\"su_tooltip_6a9901b535910_button\" class=\"su-tooltip-button su-tooltip-button-outline-yes\" aria-describedby=\"su_tooltip_6a9901b535910\" data-settings='{\"position\":\"top\",\"behavior\":\"hover\",\"hideDelay\":0}' tabindex=\"0\"><em><em><mark style=\"background-color:rgba(0, 0, 0, 0)\" class=\"has-inline-color has-primary-color\">Idea<\/mark><\/em><\/em><\/span><span style=\"display:none;z-index:100\" id=\"su_tooltip_6a9901b535910\" class=\"su-tooltip\" role=\"tooltip\"><span class=\"su-tooltip-inner su-tooltip-shadow-no\" style=\"z-index:100;background:#222222;color:#FFFFFF;font-size:16px;border-radius:5px;text-align:left;max-width:300px;line-height:1.25\"><span class=\"su-tooltip-title\"><\/span><span class=\"su-tooltip-content su-u-trim\">\u201cLa Idea en general no es sino el concepto, la realidad del concepto y la unidad de ambos.\u201c (Hegel, Lecciones sobre la Est\u00e9tica, p. 145) <\/span><\/span><span id=\"su_tooltip_6a9901b535910_arrow\" class=\"su-tooltip-arrow\" style=\"z-index:100;background:#222222\" data-popper-arrow><\/span><\/span> <em>del <\/em><span id=\"su_tooltip_6a9901b535a4b_button\" class=\"su-tooltip-button su-tooltip-button-outline-yes\" aria-describedby=\"su_tooltip_6a9901b535a4b\" data-settings='{\"position\":\"top\",\"behavior\":\"hover\",\"hideDelay\":0}' tabindex=\"0\"><em><mark style=\"background-color:rgba(0, 0, 0, 0)\" class=\"has-inline-color has-primary-color\">derecho<\/mark><\/em><\/span><span style=\"display:none;z-index:100\" id=\"su_tooltip_6a9901b535a4b\" class=\"su-tooltip\" role=\"tooltip\"><span class=\"su-tooltip-inner su-tooltip-shadow-no\" style=\"z-index:100;background:#222222;color:#FFFFFF;font-size:16px;border-radius:5px;text-align:left;max-width:300px;line-height:1.25\"><span class=\"su-tooltip-title\"><\/span><span class=\"su-tooltip-content su-u-trim\">\u201cEsta realidad en general, como existencia de la voluntad libre, es el derecho, que no debe tomarse solo como el derecho jur\u00eddico limitado, sino como comprensivo de la existencia de todas las determinaciones de la libertad.\u201c (\u00a7 486 Enc. 1830) <\/span><\/span><span id=\"su_tooltip_6a9901b535a4b_arrow\" class=\"su-tooltip-arrow\" style=\"z-index:100;background:#222222\" data-popper-arrow><\/span><\/span>, <mark style=\"background-color:#F0EBD2\" class=\"has-inline-color\">el concepto del derecho y su realizaci\u00f3n<\/mark> como objeto.<\/p>\n\n\n\n<blockquote class=\"wp-block-quote is-layout-flow wp-block-quote-is-layout-flow\">\n<p class=\"wp-block-paragraph\">La filosof\u00eda tiene que ver con Ideas y, por tanto, no con lo que se suele llamar <em>meros<\/em> <em>conceptos<\/em>, sino que muestra m\u00e1s bien su unilateralidad y su no-verdad, as\u00ed como que el <em>concepto<\/em> (no lo que a menudo se oye llamar as\u00ed, sino que es solo una determinaci\u00f3n abstracta del entendimiento) es lo \u00fanico que tiene <em>realidad<\/em>, y ello de tal manera que \u00e9l mismo se la da. Todo lo que no es esta realidad puesta por el concepto mismo es <em>existencia<\/em> pasajera, contingencia externa, opini\u00f3n, apariencia sin esencia, no-verdad, ilusi\u00f3n, etc. La <em>configuraci\u00f3n<\/em> que el concepto se da en su realizaci\u00f3n es, para el conocimiento del <em>concepto<\/em> mismo, el otro momento esencial de la Idea, distinto de la <em>forma<\/em> de ser solo <em>concepto<\/em>.<\/p>\n<\/blockquote>\n\n\n\n<figure class=\"wp-block-image size-large\"><img loading=\"lazy\" decoding=\"async\" width=\"1024\" height=\"559\" src=\"https:\/\/grundlinien.de\/wp-content\/uploads\/2015\/12\/Gemini_Generated_Image_jz6equjz6equjz6e-1024x559.png\" alt=\"\" class=\"wp-image-3694\" srcset=\"https:\/\/grundlinien.de\/wp-content\/uploads\/2015\/12\/Gemini_Generated_Image_jz6equjz6equjz6e-1024x559.png 1024w, https:\/\/grundlinien.de\/wp-content\/uploads\/2015\/12\/Gemini_Generated_Image_jz6equjz6equjz6e-300x164.png 300w, https:\/\/grundlinien.de\/wp-content\/uploads\/2015\/12\/Gemini_Generated_Image_jz6equjz6equjz6e-768x419.png 768w, https:\/\/grundlinien.de\/wp-content\/uploads\/2015\/12\/Gemini_Generated_Image_jz6equjz6equjz6e-1536x838.png 1536w, https:\/\/grundlinien.de\/wp-content\/uploads\/2015\/12\/Gemini_Generated_Image_jz6equjz6equjz6e-2048x1117.png 2048w\" sizes=\"auto, (max-width: 1024px) 100vw, 1024px\" \/><\/figure>\n\n","protected":false},"excerpt":{"rendered":"<p>Introducci\u00f3n La ciencia filos\u00f3fica del derecho tiene por objeto la del , el concepto del derecho y su realizaci\u00f3n como objeto. La filosof\u00eda tiene que ver con Ideas y, por tanto, no con lo que se suele llamar meros conceptos, sino que muestra m\u00e1s bien su unilateralidad y su no-verdad, as\u00ed como que el concepto [&hellip;]<\/p>\n","protected":false},"author":1,"featured_media":0,"comment_status":"open","ping_status":"","sticky":false,"template":"","format":"standard","meta":{"footnotes":""},"categories":[],"tags":[50],"class_list":["post-901268","post","type-post","status-publish","format-standard","hentry","tag-concepto"],"_links":{"self":[{"href":"https:\/\/grundlinien.de\/es\/wp-json\/wp\/v2\/posts\/901268","targetHints":{"allow":["GET"]}}],"collection":[{"href":"https:\/\/grundlinien.de\/es\/wp-json\/wp\/v2\/posts"}],"about":[{"href":"https:\/\/grundlinien.de\/es\/wp-json\/wp\/v2\/types\/post"}],"author":[{"embeddable":true,"href":"https:\/\/grundlinien.de\/es\/wp-json\/wp\/v2\/users\/1"}],"replies":[{"embeddable":true,"href":"https:\/\/grundlinien.de\/es\/wp-json\/wp\/v2\/comments?post=901268"}],"version-history":[{"count":1,"href":"https:\/\/grundlinien.de\/es\/wp-json\/wp\/v2\/posts\/901268\/revisions"}],"predecessor-version":[{"id":901269,"href":"https:\/\/grundlinien.de\/es\/wp-json\/wp\/v2\/posts\/901268\/revisions\/901269"}],"wp:attachment":[{"href":"https:\/\/grundlinien.de\/es\/wp-json\/wp\/v2\/media?parent=901268"}],"wp:term":[{"taxonomy":"category","embeddable":true,"href":"https:\/\/grundlinien.de\/es\/wp-json\/wp\/v2\/categories?post=901268"},{"taxonomy":"post_tag","embeddable":true,"href":"https:\/\/grundlinien.de\/es\/wp-json\/wp\/v2\/tags?post=901268"}],"curies":[{"name":"wp","href":"https:\/\/api.w.org\/{rel}","templated":true}]}}