{"id":901280,"date":"2026-08-27T13:44:10","date_gmt":"2026-08-27T11:44:10","guid":{"rendered":"https:\/\/grundlinien.de\/?p=901280"},"modified":"2026-08-27T13:44:10","modified_gmt":"2026-08-27T11:44:10","slug":"04","status":"publish","type":"post","link":"https:\/\/grundlinien.de\/es\/04\/","title":{"rendered":"4"},"content":{"rendered":"\n<p class=\"wp-block-paragraph\">El suelo del derecho es, en general, lo <em>espiritual<\/em>, y su lugar m\u00e1s preciso y punto de partida es la <em>voluntad<\/em>, que es <em>libre<\/em>, de manera que la libertad constituye su sustancia y determinaci\u00f3n, y el sistema del derecho es el reino de la libertad realizada, el mundo del esp\u00edritu producido a partir de s\u00ed mismo, como una segunda naturaleza.<\/p>\n\n\n\n<blockquote class=\"wp-block-quote is-layout-flow wp-block-quote-is-layout-flow\">\n<p class=\"wp-block-paragraph\">Respecto de la libertad de la voluntad, puede recordarse el modo de proceder anterior del conocimiento. En efecto, se presupon\u00eda la <em>representaci\u00f3n<\/em> de la voluntad y se intentaba extraer y fijar a partir de ella una definici\u00f3n de la misma; luego, al modo de la antigua psicolog\u00eda emp\u00edrica, se conduc\u00eda la llamada <em>prueba<\/em> de que la voluntad es libre a partir de los diversos sentimientos y fen\u00f3menos de la conciencia ordinaria, como el arrepentimiento, la culpa y cosas semejantes, que solo podr\u00edan <em>explicarse<\/em> a partir de la voluntad <em>libre<\/em>. Pero resulta m\u00e1s c\u00f3modo atenerse sin m\u00e1s a que la libertad est\u00e1 <em>dada<\/em> como un <em>hecho<\/em> de la conciencia y que ha de <em>creerse<\/em> en ella. <em>Que<\/em> la voluntad es libre y <em>qu\u00e9<\/em> son voluntad y libertad &#8211; la deducci\u00f3n de esto solo puede tener lugar, como ya se observ\u00f3 (<a href=\"https:\/\/grundlinien.de\/es\/02\/\" data-type=\"post\" data-id=\"59\">\u00a7 2<\/a>), en la conexi\u00f3n del todo. Los rasgos fundamentales de esta premisa &#8211; que el <em>esp\u00edritu<\/em> es en un primer momento <em>inteligencia<\/em>, y que las determinaciones a trav\u00e9s de las cuales avanza en su desarrollo son el camino que va del <em>sentimiento<\/em>, pasando por la <em>representaci\u00f3n<\/em>, hasta el <em>pensamiento<\/em>, para producirse a s\u00ed mismo como <em>voluntad<\/em> &#8211; la cual, en cuanto esp\u00edritu pr\u00e1ctico en general, es la verdad inmediata de la inteligencia &#8211; los he expuesto en mi <a href=\"https:\/\/grundlinien.de\/wp-content\/uploads\/2023\/01\/Hegel-Enz-1817.pdf\" target=\"_blank\" rel=\"noreferrer noopener\"><em>Enciclopedia de las ciencias filos\u00f3ficas<\/em> (Heidelberg 1817)<\/a> \u00a7\u00a7 363-399, y espero poder ofrecer en su momento una exposici\u00f3n m\u00e1s amplia de ellos. Tanto m\u00e1s necesario me resulta contribuir con lo m\u00edo, seg\u00fan espero, a un conocimiento m\u00e1s profundo de la naturaleza del esp\u00edritu, cuanto que, como se observa all\u00ed mismo, <a href=\"https:\/\/grundlinien.de\/%c2%a7-367-anm-enz-1817\/\" data-type=\"page\" data-id=\"2708\">\u00a7 367 Anm.<\/a>, dif\u00edcilmente se halla ninguna ciencia filos\u00f3fica en un estado tan descuidado y deficiente como la <em>doctrina del esp\u00edritu<\/em>, a la que suele llamarse psicolog\u00eda. &#8211; Por lo dem\u00e1s, respecto de los momentos del concepto de la voluntad indicados en este y en los siguientes par\u00e1grafos de la Introducci\u00f3n, que son el resultado de aquella premisa, puede apelarse, para efectos de la representaci\u00f3n, a la autoconciencia de cada uno. Cada uno encontrar\u00e1 ante todo en s\u00ed mismo la capacidad de abstraer de todo, sea lo que fuere, y asimismo de determinarse a s\u00ed mismo, de poner en s\u00ed mismo, por s\u00ed mismo, todo contenido, y hallar\u00e1 igualmente en su autoconciencia el ejemplo para las determinaciones ulteriores.<\/p>\n<\/blockquote>\n\n\n\n<figure class=\"wp-block-image size-large\"><img loading=\"lazy\" decoding=\"async\" width=\"1024\" height=\"559\" src=\"https:\/\/grundlinien.de\/wp-content\/uploads\/2015\/06\/Gemini_Generated_Image_1y5jp41y5jp41y5j-1024x559.png\" alt=\"\" class=\"wp-image-3718\" srcset=\"https:\/\/grundlinien.de\/wp-content\/uploads\/2015\/06\/Gemini_Generated_Image_1y5jp41y5jp41y5j-1024x559.png 1024w, https:\/\/grundlinien.de\/wp-content\/uploads\/2015\/06\/Gemini_Generated_Image_1y5jp41y5jp41y5j-300x164.png 300w, https:\/\/grundlinien.de\/wp-content\/uploads\/2015\/06\/Gemini_Generated_Image_1y5jp41y5jp41y5j-768x419.png 768w, https:\/\/grundlinien.de\/wp-content\/uploads\/2015\/06\/Gemini_Generated_Image_1y5jp41y5jp41y5j-1536x838.png 1536w, https:\/\/grundlinien.de\/wp-content\/uploads\/2015\/06\/Gemini_Generated_Image_1y5jp41y5jp41y5j-2048x1117.png 2048w\" sizes=\"auto, (max-width: 1024px) 100vw, 1024px\" \/><\/figure>\n\n\n\n<p class=\"wp-block-paragraph\">&nbsp;<\/p>\n\n","protected":false},"excerpt":{"rendered":"<p>El suelo del derecho es, en general, lo espiritual, y su lugar m\u00e1s preciso y punto de partida es la voluntad, que es libre, de manera que la libertad constituye su sustancia y determinaci\u00f3n, y el sistema del derecho es el reino de la libertad realizada, el mundo del esp\u00edritu producido a partir de s\u00ed [&hellip;]<\/p>\n","protected":false},"author":1,"featured_media":0,"comment_status":"open","ping_status":"","sticky":false,"template":"","format":"standard","meta":{"footnotes":""},"categories":[],"tags":[50],"class_list":["post-901280","post","type-post","status-publish","format-standard","hentry","tag-concepto"],"_links":{"self":[{"href":"https:\/\/grundlinien.de\/es\/wp-json\/wp\/v2\/posts\/901280","targetHints":{"allow":["GET"]}}],"collection":[{"href":"https:\/\/grundlinien.de\/es\/wp-json\/wp\/v2\/posts"}],"about":[{"href":"https:\/\/grundlinien.de\/es\/wp-json\/wp\/v2\/types\/post"}],"author":[{"embeddable":true,"href":"https:\/\/grundlinien.de\/es\/wp-json\/wp\/v2\/users\/1"}],"replies":[{"embeddable":true,"href":"https:\/\/grundlinien.de\/es\/wp-json\/wp\/v2\/comments?post=901280"}],"version-history":[{"count":1,"href":"https:\/\/grundlinien.de\/es\/wp-json\/wp\/v2\/posts\/901280\/revisions"}],"predecessor-version":[{"id":901281,"href":"https:\/\/grundlinien.de\/es\/wp-json\/wp\/v2\/posts\/901280\/revisions\/901281"}],"wp:attachment":[{"href":"https:\/\/grundlinien.de\/es\/wp-json\/wp\/v2\/media?parent=901280"}],"wp:term":[{"taxonomy":"category","embeddable":true,"href":"https:\/\/grundlinien.de\/es\/wp-json\/wp\/v2\/categories?post=901280"},{"taxonomy":"post_tag","embeddable":true,"href":"https:\/\/grundlinien.de\/es\/wp-json\/wp\/v2\/tags?post=901280"}],"curies":[{"name":"wp","href":"https:\/\/api.w.org\/{rel}","templated":true}]}}