{"id":901286,"date":"2026-08-27T13:49:27","date_gmt":"2026-08-27T11:49:27","guid":{"rendered":"https:\/\/grundlinien.de\/?p=901286"},"modified":"2026-08-27T13:49:27","modified_gmt":"2026-08-27T11:49:27","slug":"07","status":"publish","type":"post","link":"https:\/\/grundlinien.de\/es\/07\/","title":{"rendered":"7"},"content":{"rendered":"\n<p class=\"wp-block-paragraph\">\u03b3) La voluntad es la unidad de estos dos momentos; &#8211; la <em>particularidad<\/em> reflejada <em>en<\/em> <em>s\u00ed<\/em> <em>misma<\/em> y por ello reconducida a la <em>universalidad<\/em>; &#8211; <em>individualidad<\/em>; la <em>autodeterminaci\u00f3n<\/em> del Yo, que consiste, a la vez, en ponerse como lo negativo de s\u00ed mismo, a saber, como <em>determinado<\/em> y <em>limitado<\/em>, y en permanecer junto a s\u00ed, es decir, en su <em>identidad<\/em> <em>consigo<\/em> <em>mismo<\/em> y su universalidad, y en la determinaci\u00f3n de unirse solo consigo mismo. &#8211; El Yo se determina en la medida en que es la relaci\u00f3n de la negatividad consigo misma; en cuanto esta <em>relaci\u00f3n<\/em> <em>consigo<\/em> <em>mismo<\/em>, es a la vez indiferente frente a esta determinidad, la conoce como suya propia y como <em><a href=\"https:\/\/grundlinien.de\/was-ist-im-philosophischen-sinne-idealismus\/\">ideal<\/a><\/em>, como una mera <em>posibilidad<\/em> por la que no est\u00e1 ligado, sino en la que solo est\u00e1 porque se pone en ella. &#8211; Esta es la <em>libertad<\/em> de la voluntad, que constituye su concepto o sustancialidad, su gravedad, as\u00ed como la gravedad constituye la sustancialidad del cuerpo.<\/p>\n\n\n\n<blockquote class=\"wp-block-quote is-layout-flow wp-block-quote-is-layout-flow\">\n<p class=\"wp-block-paragraph\">Toda <a href=\"https:\/\/grundlinien.de\/das-selbstbewusstsein\/\" data-type=\"page\" data-id=\"2956\">autoconciencia<\/a> se sabe a s\u00ed misma como <em>universal<\/em> &#8211; como la posibilidad de abstraer de todo lo determinado -, y como <em>particular<\/em>, con un objeto, contenido y fin determinados. Sin embargo, estos dos momentos son solo abstracciones; lo <em>concreto<\/em> y <em>verdadero<\/em> (y todo lo verdadero es concreto) es la <em>universalidad<\/em>, que tiene como contrapuesto lo particular, pero que, mediante su reflexi\u00f3n en s\u00ed, queda conciliada con lo universal. &#8211; Esta unidad es la <em>individualidad<\/em><sup data-fn=\"863280a1-40cb-41f7-b24b-a9c219bccb90\" class=\"fn\"><a href=\"#863280a1-40cb-41f7-b24b-a9c219bccb90\" id=\"863280a1-40cb-41f7-b24b-a9c219bccb90-link\">1<\/a><\/sup>, pero no en su inmediatez como un <em>uno<\/em>, tal como la individualidad es en la representaci\u00f3n, sino seg\u00fan su <em>concepto<\/em> (<a href=\"https:\/\/grundlinien.de\/%c2%a7%c2%a7-112-114-enz-1817\/\" data-type=\"page\" data-id=\"2715\" target=\"_blank\" rel=\"noreferrer noopener\"><em>Enciclop<\/em>. <em>de las ciencias filos\u00f3ficas<\/em>, \u00a7\u00a7 112-114<\/a>), &#8211; o esta individualidad no es en realidad otra cosa que el concepto mismo. Aquellos dos primeros momentos &#8211; que la voluntad pueda abstraer de todo y que tambi\u00e9n sea determinada, ya sea por s\u00ed misma o por otra cosa -, se admiten y se captan f\u00e1cilmente, porque son en s\u00ed momentos no verdaderos, momentos del entendimiento; pero el tercero, lo <em>verdadero<\/em> y <em>especulativo<\/em> (<a href=\"https:\/\/grundlinien.de\/zur-schwierigkeit-des-lesens-hegelscher-texte\/\">y todo lo verdadero, en la medida en que es comprendido, solo puede pensarse especulativamente<\/a>), es aquello en lo que el entendimiento se niega a entrar, \u00e9l, que llama siempre precisamente al concepto lo incomprensible. La demostraci\u00f3n y la discusi\u00f3n m\u00e1s detallada de este n\u00facleo m\u00e1s \u00edntimo de la especulaci\u00f3n, de la <em>infinitud<\/em> como <em>negatividad<\/em> que se refiere a s\u00ed misma, de este \u00faltimo punto de origen de toda actividad, vida y conciencia, pertenece a la <em>L\u00f3gica<\/em> como filosof\u00eda puramente especulativa. &#8211; Aqu\u00ed solo cabe observar todav\u00eda que cuando se dice: <em>la<\/em> <em>voluntad<\/em> es universal, <em>la<\/em> <em>voluntad<\/em> se determina a s\u00ed misma, <a href=\"https:\/\/grundlinien.de\/267\/#comment-1459\">ya se expresa la voluntad como un <em>sujeto<\/em> o <em>sustrato<\/em> presupuesto<\/a>, pero ella no es algo acabado y universal antes de su determinarse y antes de la supresi\u00f3n y la idealidad de este determinarse, sino que solo es voluntad en cuanto esta actividad que se media en s\u00ed misma y retorna a s\u00ed.<\/p>\n<\/blockquote>\n\n\n\n<figure class=\"wp-block-image size-large\"><img loading=\"lazy\" decoding=\"async\" width=\"1024\" height=\"559\" src=\"https:\/\/grundlinien.de\/wp-content\/uploads\/2015\/06\/Gemini_Generated_Image_fv6e6rfv6e6rfv6e-1024x559.png\" alt=\"\" class=\"wp-image-3735\" srcset=\"https:\/\/grundlinien.de\/wp-content\/uploads\/2015\/06\/Gemini_Generated_Image_fv6e6rfv6e6rfv6e-1024x559.png 1024w, https:\/\/grundlinien.de\/wp-content\/uploads\/2015\/06\/Gemini_Generated_Image_fv6e6rfv6e6rfv6e-300x164.png 300w, https:\/\/grundlinien.de\/wp-content\/uploads\/2015\/06\/Gemini_Generated_Image_fv6e6rfv6e6rfv6e-768x419.png 768w, https:\/\/grundlinien.de\/wp-content\/uploads\/2015\/06\/Gemini_Generated_Image_fv6e6rfv6e6rfv6e-1536x838.png 1536w, https:\/\/grundlinien.de\/wp-content\/uploads\/2015\/06\/Gemini_Generated_Image_fv6e6rfv6e6rfv6e-2048x1117.png 2048w\" sizes=\"auto, (max-width: 1024px) 100vw, 1024px\" \/><\/figure>\n\n<ol class=\"wp-block-footnotes\"><li id=\"863280a1-40cb-41f7-b24b-a9c219bccb90\">[Manuscrito:] mejor: subjetividad <a href=\"#863280a1-40cb-41f7-b24b-a9c219bccb90-link\" aria-label=\"Saltar a la referencia de la nota 1\">\u21a9\ufe0e<\/a><\/li><\/ol>","protected":false},"excerpt":{"rendered":"<p>\u03b3) La voluntad es la unidad de estos dos momentos; &#8211; la particularidad reflejada en s\u00ed misma y por ello reconducida a la universalidad; &#8211; individualidad; la autodeterminaci\u00f3n del Yo, que consiste, a la vez, en ponerse como lo negativo de s\u00ed mismo, a saber, como determinado y limitado, y en permanecer junto a s\u00ed, [&hellip;]<\/p>\n","protected":false},"author":1,"featured_media":0,"comment_status":"open","ping_status":"","sticky":false,"template":"","format":"standard","meta":{"footnotes":"[{\"id\":\"863280a1-40cb-41f7-b24b-a9c219bccb90\",\"content\":\"[Manuscrito:] mejor: subjetividad\"}]"},"categories":[],"tags":[50],"class_list":["post-901286","post","type-post","status-publish","format-standard","hentry","tag-concepto"],"_links":{"self":[{"href":"https:\/\/grundlinien.de\/es\/wp-json\/wp\/v2\/posts\/901286","targetHints":{"allow":["GET"]}}],"collection":[{"href":"https:\/\/grundlinien.de\/es\/wp-json\/wp\/v2\/posts"}],"about":[{"href":"https:\/\/grundlinien.de\/es\/wp-json\/wp\/v2\/types\/post"}],"author":[{"embeddable":true,"href":"https:\/\/grundlinien.de\/es\/wp-json\/wp\/v2\/users\/1"}],"replies":[{"embeddable":true,"href":"https:\/\/grundlinien.de\/es\/wp-json\/wp\/v2\/comments?post=901286"}],"version-history":[{"count":1,"href":"https:\/\/grundlinien.de\/es\/wp-json\/wp\/v2\/posts\/901286\/revisions"}],"predecessor-version":[{"id":901287,"href":"https:\/\/grundlinien.de\/es\/wp-json\/wp\/v2\/posts\/901286\/revisions\/901287"}],"wp:attachment":[{"href":"https:\/\/grundlinien.de\/es\/wp-json\/wp\/v2\/media?parent=901286"}],"wp:term":[{"taxonomy":"category","embeddable":true,"href":"https:\/\/grundlinien.de\/es\/wp-json\/wp\/v2\/categories?post=901286"},{"taxonomy":"post_tag","embeddable":true,"href":"https:\/\/grundlinien.de\/es\/wp-json\/wp\/v2\/tags?post=901286"}],"curies":[{"name":"wp","href":"https:\/\/api.w.org\/{rel}","templated":true}]}}