{"id":901298,"date":"2026-08-27T15:00:02","date_gmt":"2026-08-27T13:00:02","guid":{"rendered":"https:\/\/grundlinien.de\/?p=901298"},"modified":"2026-08-27T15:00:02","modified_gmt":"2026-08-27T13:00:02","slug":"13","status":"publish","type":"post","link":"https:\/\/grundlinien.de\/es\/13\/","title":{"rendered":"13"},"content":{"rendered":"\n<p class=\"wp-block-paragraph\">Mediante el resolver, la voluntad se pone a s\u00ed misma como voluntad de un individuo determinado y como algo que se distingue hacia afuera frente a lo otro. Pero, aparte de esta <em>finitud<\/em> como conciencia (<a href=\"https:\/\/grundlinien.de\/es\/08\/\" data-type=\"post\" data-id=\"847\">\u00a7 8<\/a>), la voluntad inmediata es, en raz\u00f3n de la diferencia entre su forma y su contenido (<a href=\"https:\/\/grundlinien.de\/es\/11\/\" data-type=\"post\" data-id=\"1003\">\u00a7 11<\/a>), <em>formal<\/em>; solo le corresponde el <em>resolver<\/em> <em>abstracto<\/em> como tal, y el contenido no es todav\u00eda el contenido y la obra de su libertad.<\/p>\n\n\n\n<blockquote class=\"wp-block-quote is-layout-flow wp-block-quote-is-layout-flow\">\n<p class=\"wp-block-paragraph\">Para la inteligencia en cuanto <em>pensante<\/em>, el objeto y el contenido siguen siendo <em>algo universal<\/em>, y ella misma se comporta como actividad universal. En la voluntad, lo universal tiene a la vez, esencialmente, el significado de lo m\u00edo, como <em>individualidad<\/em>; y en la voluntad inmediata, es decir formal, como la individualidad abstracta, todav\u00eda no colmada por su universalidad libre. En la voluntad comienza, por eso, la <em>propia<\/em> <em>finitud<\/em> de la inteligencia, y solo porque la voluntad se eleva de nuevo al pensamiento y da a sus fines la universalidad inmanente, suprime la diferencia entre forma y contenido y se convierte en voluntad objetiva e infinita. Comprenden, por tanto, poco de la naturaleza del pensar y del querer quienes opinan que en la voluntad en general el hombre es infinito, pero que en el pensar \u00e9l, o incluso la raz\u00f3n, est\u00e1 limitado. En la medida en que pensar y querer todav\u00eda est\u00e1n distinguidos, es m\u00e1s bien lo contrario lo verdadero, y la raz\u00f3n pensante, en cuanto voluntad, consiste precisamente en esto: en resolverse a la <em>finitud<\/em>.<\/p>\n<\/blockquote>\n","protected":false},"excerpt":{"rendered":"<p>Mediante el resolver, la voluntad se pone a s\u00ed misma como voluntad de un individuo determinado y como algo que se distingue hacia afuera frente a lo otro. Pero, aparte de esta finitud como conciencia (\u00a7 8), la voluntad inmediata es, en raz\u00f3n de la diferencia entre su forma y su contenido (\u00a7 11), formal; [&hellip;]<\/p>\n","protected":false},"author":1,"featured_media":0,"comment_status":"open","ping_status":"","sticky":false,"template":"","format":"standard","meta":{"footnotes":""},"categories":[],"tags":[50],"class_list":["post-901298","post","type-post","status-publish","format-standard","hentry","tag-concepto"],"_links":{"self":[{"href":"https:\/\/grundlinien.de\/es\/wp-json\/wp\/v2\/posts\/901298","targetHints":{"allow":["GET"]}}],"collection":[{"href":"https:\/\/grundlinien.de\/es\/wp-json\/wp\/v2\/posts"}],"about":[{"href":"https:\/\/grundlinien.de\/es\/wp-json\/wp\/v2\/types\/post"}],"author":[{"embeddable":true,"href":"https:\/\/grundlinien.de\/es\/wp-json\/wp\/v2\/users\/1"}],"replies":[{"embeddable":true,"href":"https:\/\/grundlinien.de\/es\/wp-json\/wp\/v2\/comments?post=901298"}],"version-history":[{"count":1,"href":"https:\/\/grundlinien.de\/es\/wp-json\/wp\/v2\/posts\/901298\/revisions"}],"predecessor-version":[{"id":901299,"href":"https:\/\/grundlinien.de\/es\/wp-json\/wp\/v2\/posts\/901298\/revisions\/901299"}],"wp:attachment":[{"href":"https:\/\/grundlinien.de\/es\/wp-json\/wp\/v2\/media?parent=901298"}],"wp:term":[{"taxonomy":"category","embeddable":true,"href":"https:\/\/grundlinien.de\/es\/wp-json\/wp\/v2\/categories?post=901298"},{"taxonomy":"post_tag","embeddable":true,"href":"https:\/\/grundlinien.de\/es\/wp-json\/wp\/v2\/tags?post=901298"}],"curies":[{"name":"wp","href":"https:\/\/api.w.org\/{rel}","templated":true}]}}