{"id":901312,"date":"2026-08-27T15:09:14","date_gmt":"2026-08-27T13:09:14","guid":{"rendered":"https:\/\/grundlinien.de\/?p=901312"},"modified":"2026-08-29T20:03:30","modified_gmt":"2026-08-29T18:03:30","slug":"20","status":"publish","type":"post","link":"https:\/\/grundlinien.de\/es\/20\/","title":{"rendered":"20"},"content":{"rendered":"\n<p class=\"wp-block-paragraph\">La reflexi\u00f3n que se refiere a los impulsos, al representarlos, calcularlos y compararlos entre s\u00ed y luego con sus medios, consecuencias, etc., y con un conjunto de la satisfacci\u00f3n &#8211; la <em>felicidad<\/em> -, aporta a esta materia la <em>universalidad<\/em> <em>formal<\/em> y la purifica, de este modo exterior, de su rudeza y barbarie. Este hacer surgir la universalidad del pensamiento es el valor absoluto de la <em>formaci\u00f3n<\/em> (cf. <a href=\"https:\/\/grundlinien.de\/es\/187\/\" data-type=\"post\" data-id=\"638\">\u00a7 187<\/a>).<\/p>\n","protected":false},"excerpt":{"rendered":"<p>La reflexi\u00f3n que se refiere a los impulsos, al representarlos, calcularlos y compararlos entre s\u00ed y luego con sus medios, consecuencias, etc., y con un conjunto de la satisfacci\u00f3n &#8211; la felicidad -, aporta a esta materia la universalidad formal y la purifica, de este modo exterior, de su rudeza y barbarie. Este hacer surgir [&hellip;]<\/p>\n","protected":false},"author":1,"featured_media":0,"comment_status":"open","ping_status":"","sticky":false,"template":"","format":"standard","meta":{"footnotes":""},"categories":[],"tags":[50],"class_list":["post-901312","post","type-post","status-publish","format-standard","hentry","tag-concepto"],"_links":{"self":[{"href":"https:\/\/grundlinien.de\/es\/wp-json\/wp\/v2\/posts\/901312","targetHints":{"allow":["GET"]}}],"collection":[{"href":"https:\/\/grundlinien.de\/es\/wp-json\/wp\/v2\/posts"}],"about":[{"href":"https:\/\/grundlinien.de\/es\/wp-json\/wp\/v2\/types\/post"}],"author":[{"embeddable":true,"href":"https:\/\/grundlinien.de\/es\/wp-json\/wp\/v2\/users\/1"}],"replies":[{"embeddable":true,"href":"https:\/\/grundlinien.de\/es\/wp-json\/wp\/v2\/comments?post=901312"}],"version-history":[{"count":3,"href":"https:\/\/grundlinien.de\/es\/wp-json\/wp\/v2\/posts\/901312\/revisions"}],"predecessor-version":[{"id":902158,"href":"https:\/\/grundlinien.de\/es\/wp-json\/wp\/v2\/posts\/901312\/revisions\/902158"}],"wp:attachment":[{"href":"https:\/\/grundlinien.de\/es\/wp-json\/wp\/v2\/media?parent=901312"}],"wp:term":[{"taxonomy":"category","embeddable":true,"href":"https:\/\/grundlinien.de\/es\/wp-json\/wp\/v2\/categories?post=901312"},{"taxonomy":"post_tag","embeddable":true,"href":"https:\/\/grundlinien.de\/es\/wp-json\/wp\/v2\/tags?post=901312"}],"curies":[{"name":"wp","href":"https:\/\/api.w.org\/{rel}","templated":true}]}}