{"id":901317,"date":"2026-08-27T15:13:40","date_gmt":"2026-08-27T13:13:40","guid":{"rendered":"https:\/\/grundlinien.de\/?p=901317"},"modified":"2026-08-27T15:13:40","modified_gmt":"2026-08-27T13:13:40","slug":"21","status":"publish","type":"post","link":"https:\/\/grundlinien.de\/es\/21\/","title":{"rendered":"21"},"content":{"rendered":"\n<p class=\"wp-block-paragraph\">Pero la verdad de esta universalidad <em>formal<\/em>, indeterminada en s\u00ed misma y que encuentra su determinidad en aquella materia, es <em>la<\/em> <em>universalidad<\/em> <em>que<\/em> <em>se<\/em> <em>determina<\/em> <em>a<\/em> <em>s\u00ed<\/em> <em>misma<\/em>, <em>la<\/em> <em>voluntad<\/em>, <em>la<\/em> <em>libertad<\/em>. Al tener la universalidad, a s\u00ed misma, como la forma infinita, por contenido, objeto y fin, no es solo la voluntad libre <em>en<\/em> <em>s\u00ed<\/em>, sino igualmente la voluntad libre <em>para<\/em> <em>s\u00ed<\/em> &#8211; la <span id=\"su_tooltip_6a99021e04673_button\" class=\"su-tooltip-button su-tooltip-button-outline-yes\" aria-describedby=\"su_tooltip_6a99021e04673\" data-settings='{\"position\":\"top\",\"behavior\":\"hover\",\"hideDelay\":0}' tabindex=\"0\">Idea verdadera<\/span><span style=\"display:none;z-index:100\" id=\"su_tooltip_6a99021e04673\" class=\"su-tooltip\" role=\"tooltip\"><span class=\"su-tooltip-inner su-tooltip-shadow-no\" style=\"z-index:100;background:#222222;color:#FFFFFF;font-size:16px;border-radius:5px;text-align:left;max-width:300px;line-height:1.25\"><span class=\"su-tooltip-title\"><\/span><span class=\"su-tooltip-content su-u-trim\">\u201cAqu\u00ed estamos reci\u00e9n ahora en el punto del que partimos con el derecho, estamos, por as\u00ed decirlo, apenas en el comienzo. A partir del \u00a7 22 siguen aqu\u00ed varias determinaciones l\u00f3gicas abstractas, que aqu\u00ed solo han de tocarse brevemente..\u201d (Hegel, apuntes de Griesheim) <\/span><\/span><span id=\"su_tooltip_6a99021e04673_arrow\" class=\"su-tooltip-arrow\" style=\"z-index:100;background:#222222\" data-popper-arrow><\/span><\/span>.<\/p>\n\n\n\n<blockquote class=\"wp-block-quote is-layout-flow wp-block-quote-is-layout-flow\">\n<p class=\"wp-block-paragraph\">La autoconciencia de la voluntad, en cuanto deseo, impulso, es <em>sensible<\/em>, as\u00ed como lo sensible en general designa la exterioridad y, con ello, el estar-fuera-de-s\u00ed de la autoconciencia. La voluntad <em>reflexionante<\/em> tiene los dos elementos, aquel elemento sensible y la universalidad pensante; la voluntad que es <em>en<\/em> <em>y<\/em> <em>para<\/em> <em>s\u00ed<\/em> tiene a la voluntad misma como tal, y con ello a s\u00ed misma en su pura universalidad, por objeto &#8211; la universalidad que consiste precisamente en esto: que la <em>inmediatez<\/em> de la naturalidad y la <em>particularidad<\/em> de que la naturalidad est\u00e1 igualmente afectada, en cuanto es producida por la reflexi\u00f3n, est\u00e1n suprimidas en ella. Pero este suprimir y elevar a lo universal es lo que se llama la actividad del <em>pensar<\/em>. La autoconciencia que purifica y eleva su objeto, contenido y fin hasta esta universalidad, lo hace en cuanto el <em>pensar<\/em> que se <em>impone<\/em> en la voluntad. Aqu\u00ed est\u00e1 el <em>punto<\/em> <em>en<\/em> <em>el<\/em> <em>que<\/em> <em>se<\/em> <em>aclara<\/em> que la voluntad solo es voluntad verdadera y libre en cuanto inteligencia pensante. El esclavo no conoce su esencia, su infinitud, la libertad; no se conoce a s\u00ed mismo como esencia, &#8211; y el no conocerse as\u00ed significa que no se <em>piensa<\/em> a s\u00ed mismo. Esta autoconciencia, que mediante el pensar se aprehende a s\u00ed misma como esencia y con ello precisamente se despoja de lo contingente y lo no verdadero, constituye el principio del derecho, de la moralidad y de toda eticidad. Quienes hablan filos\u00f3ficamente del derecho, la moralidad, la eticidad, y quieren con ello excluir el pensar, remitiendo en cambio al sentimiento, al coraz\u00f3n y al pecho, al entusiasmo, expresan con ello el m\u00e1s profundo desprecio en que han ca\u00eddo el pensamiento y la ciencia, puesto que as\u00ed la ciencia misma, hundida en la desesperaci\u00f3n de s\u00ed y en el mayor decaimiento, hace de la barbarie y de la falta de pensamiento su propio principio y, en cuanto de ella dependiera, despojar\u00eda al hombre de toda verdad, valor y dignidad.<\/p>\n<\/blockquote>\n","protected":false},"excerpt":{"rendered":"<p>Pero la verdad de esta universalidad formal, indeterminada en s\u00ed misma y que encuentra su determinidad en aquella materia, es la universalidad que se determina a s\u00ed misma, la voluntad, la libertad. Al tener la universalidad, a s\u00ed misma, como la forma infinita, por contenido, objeto y fin, no es solo la voluntad libre en [&hellip;]<\/p>\n","protected":false},"author":1,"featured_media":0,"comment_status":"open","ping_status":"","sticky":false,"template":"","format":"standard","meta":{"footnotes":""},"categories":[],"tags":[50],"class_list":["post-901317","post","type-post","status-publish","format-standard","hentry","tag-concepto"],"_links":{"self":[{"href":"https:\/\/grundlinien.de\/es\/wp-json\/wp\/v2\/posts\/901317","targetHints":{"allow":["GET"]}}],"collection":[{"href":"https:\/\/grundlinien.de\/es\/wp-json\/wp\/v2\/posts"}],"about":[{"href":"https:\/\/grundlinien.de\/es\/wp-json\/wp\/v2\/types\/post"}],"author":[{"embeddable":true,"href":"https:\/\/grundlinien.de\/es\/wp-json\/wp\/v2\/users\/1"}],"replies":[{"embeddable":true,"href":"https:\/\/grundlinien.de\/es\/wp-json\/wp\/v2\/comments?post=901317"}],"version-history":[{"count":1,"href":"https:\/\/grundlinien.de\/es\/wp-json\/wp\/v2\/posts\/901317\/revisions"}],"predecessor-version":[{"id":901318,"href":"https:\/\/grundlinien.de\/es\/wp-json\/wp\/v2\/posts\/901317\/revisions\/901318"}],"wp:attachment":[{"href":"https:\/\/grundlinien.de\/es\/wp-json\/wp\/v2\/media?parent=901317"}],"wp:term":[{"taxonomy":"category","embeddable":true,"href":"https:\/\/grundlinien.de\/es\/wp-json\/wp\/v2\/categories?post=901317"},{"taxonomy":"post_tag","embeddable":true,"href":"https:\/\/grundlinien.de\/es\/wp-json\/wp\/v2\/tags?post=901317"}],"curies":[{"name":"wp","href":"https:\/\/api.w.org\/{rel}","templated":true}]}}