{"id":901321,"date":"2026-08-28T15:23:20","date_gmt":"2026-08-28T13:23:20","guid":{"rendered":"https:\/\/grundlinien.de\/?p=901321"},"modified":"2026-08-28T16:19:45","modified_gmt":"2026-08-28T14:19:45","slug":"22","status":"publish","type":"post","link":"https:\/\/grundlinien.de\/es\/22\/","title":{"rendered":"22"},"content":{"rendered":"\n<p class=\"wp-block-paragraph\">La voluntad que es en y para s\u00ed es <em>verdaderamente infinita<\/em>, porque su objeto es ella misma, y por ello el mismo no es para ella ni un <em>otro<\/em> ni una <em>barrera<\/em>, sino que en \u00e9l ella m\u00e1s bien solo ha retornado a s\u00ed. Adem\u00e1s, no es mera posibilidad, disposici\u00f3n, <em>facultad<\/em> (potentia), sino lo <em>efectivamente infinito<\/em> (infinitum actu), porque la existencia del concepto, o su exterioridad objetiva, es lo interior mismo.<\/p>\n\n\n\n<blockquote class=\"wp-block-quote is-layout-flow wp-block-quote-is-layout-flow\">\n<p class=\"wp-block-paragraph\">Por eso, cuando se habla solo de la voluntad libre como tal, sin la determinaci\u00f3n de que es la voluntad libre en y <em>para s\u00ed<\/em>, se habla solo de la <em>disposici\u00f3n<\/em> de la libertad o de la voluntad natural y finita (<a href=\"https:\/\/grundlinien.de\/es\/11\/\">\u00a7 11<\/a>), y precisamente con ello, a pesar de las palabras y de la opini\u00f3n, no se habla de la voluntad libre. \u2013 Al concebir el entendimiento lo infinito solo como negativo y, con ello, como un <em>m\u00e1s all\u00e1<\/em>, cree honrar tanto m\u00e1s a lo infinito cuanto m\u00e1s lejos lo aparta de s\u00ed, hacia la lejan\u00eda, y lo aleja de s\u00ed como algo ajeno. En la voluntad libre, lo verdaderamente infinito tiene realidad y presencia; \u2013 ella misma es esta Idea presente en s\u00ed.<\/p>\n<\/blockquote>\n","protected":false},"excerpt":{"rendered":"<p>La voluntad que es en y para s\u00ed es verdaderamente infinita, porque su objeto es ella misma, y por ello el mismo no es para ella ni un otro ni una barrera, sino que en \u00e9l ella m\u00e1s bien solo ha retornado a s\u00ed. Adem\u00e1s, no es mera posibilidad, disposici\u00f3n, facultad (potentia), sino lo efectivamente [&hellip;]<\/p>\n","protected":false},"author":1,"featured_media":0,"comment_status":"open","ping_status":"","sticky":false,"template":"","format":"standard","meta":{"footnotes":""},"categories":[13],"tags":[50],"class_list":["post-901321","post","type-post","status-publish","format-standard","hentry","category-uncategorized","tag-concepto"],"_links":{"self":[{"href":"https:\/\/grundlinien.de\/es\/wp-json\/wp\/v2\/posts\/901321","targetHints":{"allow":["GET"]}}],"collection":[{"href":"https:\/\/grundlinien.de\/es\/wp-json\/wp\/v2\/posts"}],"about":[{"href":"https:\/\/grundlinien.de\/es\/wp-json\/wp\/v2\/types\/post"}],"author":[{"embeddable":true,"href":"https:\/\/grundlinien.de\/es\/wp-json\/wp\/v2\/users\/1"}],"replies":[{"embeddable":true,"href":"https:\/\/grundlinien.de\/es\/wp-json\/wp\/v2\/comments?post=901321"}],"version-history":[{"count":3,"href":"https:\/\/grundlinien.de\/es\/wp-json\/wp\/v2\/posts\/901321\/revisions"}],"predecessor-version":[{"id":901353,"href":"https:\/\/grundlinien.de\/es\/wp-json\/wp\/v2\/posts\/901321\/revisions\/901353"}],"wp:attachment":[{"href":"https:\/\/grundlinien.de\/es\/wp-json\/wp\/v2\/media?parent=901321"}],"wp:term":[{"taxonomy":"category","embeddable":true,"href":"https:\/\/grundlinien.de\/es\/wp-json\/wp\/v2\/categories?post=901321"},{"taxonomy":"post_tag","embeddable":true,"href":"https:\/\/grundlinien.de\/es\/wp-json\/wp\/v2\/tags?post=901321"}],"curies":[{"name":"wp","href":"https:\/\/api.w.org\/{rel}","templated":true}]}}