{"id":901324,"date":"2026-08-28T15:29:12","date_gmt":"2026-08-28T13:29:12","guid":{"rendered":"https:\/\/grundlinien.de\/?p=901324"},"modified":"2026-08-28T16:19:49","modified_gmt":"2026-08-28T14:19:49","slug":"23","status":"publish","type":"post","link":"https:\/\/grundlinien.de\/es\/23\/","title":{"rendered":"23"},"content":{"rendered":"\n<p class=\"wp-block-paragraph\">Solo en esta libertad la voluntad est\u00e1 absolutamente <em>consigo misma<\/em>, porque no se refiere a nada m\u00e1s que a s\u00ed misma, con lo cual desaparece tambi\u00e9n toda relaci\u00f3n de <em>dependencia<\/em> respecto de algo <em>otro<\/em>. \u2013 Ella es <em>verdadera<\/em>, o m\u00e1s bien la <em>verdad<\/em> misma, porque su determinarse consiste en ser, en su existencia, es decir, como algo que se contrapone a s\u00ed, lo que es su concepto, o en que el concepto puro tiene por fin y realidad la intuici\u00f3n de s\u00ed mismo.<\/p>\n","protected":false},"excerpt":{"rendered":"<p>Solo en esta libertad la voluntad est\u00e1 absolutamente consigo misma, porque no se refiere a nada m\u00e1s que a s\u00ed misma, con lo cual desaparece tambi\u00e9n toda relaci\u00f3n de dependencia respecto de algo otro. \u2013 Ella es verdadera, o m\u00e1s bien la verdad misma, porque su determinarse consiste en ser, en su existencia, es decir, [&hellip;]<\/p>\n","protected":false},"author":1,"featured_media":0,"comment_status":"open","ping_status":"","sticky":false,"template":"","format":"standard","meta":{"footnotes":""},"categories":[13],"tags":[50],"class_list":["post-901324","post","type-post","status-publish","format-standard","hentry","category-uncategorized","tag-concepto"],"_links":{"self":[{"href":"https:\/\/grundlinien.de\/es\/wp-json\/wp\/v2\/posts\/901324","targetHints":{"allow":["GET"]}}],"collection":[{"href":"https:\/\/grundlinien.de\/es\/wp-json\/wp\/v2\/posts"}],"about":[{"href":"https:\/\/grundlinien.de\/es\/wp-json\/wp\/v2\/types\/post"}],"author":[{"embeddable":true,"href":"https:\/\/grundlinien.de\/es\/wp-json\/wp\/v2\/users\/1"}],"replies":[{"embeddable":true,"href":"https:\/\/grundlinien.de\/es\/wp-json\/wp\/v2\/comments?post=901324"}],"version-history":[{"count":3,"href":"https:\/\/grundlinien.de\/es\/wp-json\/wp\/v2\/posts\/901324\/revisions"}],"predecessor-version":[{"id":901354,"href":"https:\/\/grundlinien.de\/es\/wp-json\/wp\/v2\/posts\/901324\/revisions\/901354"}],"wp:attachment":[{"href":"https:\/\/grundlinien.de\/es\/wp-json\/wp\/v2\/media?parent=901324"}],"wp:term":[{"taxonomy":"category","embeddable":true,"href":"https:\/\/grundlinien.de\/es\/wp-json\/wp\/v2\/categories?post=901324"},{"taxonomy":"post_tag","embeddable":true,"href":"https:\/\/grundlinien.de\/es\/wp-json\/wp\/v2\/tags?post=901324"}],"curies":[{"name":"wp","href":"https:\/\/api.w.org\/{rel}","templated":true}]}}