{"id":901337,"date":"2026-08-28T15:43:25","date_gmt":"2026-08-28T13:43:25","guid":{"rendered":"https:\/\/grundlinien.de\/?p=901337"},"modified":"2026-08-28T16:20:04","modified_gmt":"2026-08-28T14:20:04","slug":"30","status":"publish","type":"post","link":"https:\/\/grundlinien.de\/es\/30\/","title":{"rendered":"30"},"content":{"rendered":"\n<p class=\"wp-block-paragraph\">El derecho es en general algo <em>sagrado<\/em>, \u00fanicamente porque es la existencia del <em>concepto absoluto<\/em>, de la libertad autoconsciente. \u2013 El <em>formalismo<\/em> del derecho, sin embargo (y m\u00e1s adelante el del deber), surge de la diferencia en el desarrollo del concepto de libertad. Frente a un derecho m\u00e1s formal, es decir, m\u00e1s abstracto y por ello m\u00e1s limitado, la esfera y el grado del esp\u00edritu en el que este ha llevado a determinaci\u00f3n y realidad, dentro de s\u00ed, los momentos ulteriores contenidos en su Idea, tiene, por ser lo m\u00e1s <em>concreto<\/em>, m\u00e1s rico en s\u00ed mismo y m\u00e1s verdaderamente universal, precisamente por ello tambi\u00e9n un <em>derecho superior<\/em>.<\/p>\n\n\n\n<blockquote class=\"wp-block-quote is-layout-flow wp-block-quote-is-layout-flow\">\n<p class=\"wp-block-paragraph\">Cada grado del desarrollo de la Idea de la libertad tiene su derecho peculiar, porque es la existencia de la libertad en una de sus propias determinaciones. Cuando se habla de la oposici\u00f3n de la moralidad, de la eticidad, frente al <em>derecho<\/em>, se entiende por derecho solo el primer derecho formal de la personalidad abstracta. La moralidad, la eticidad, el inter\u00e9s del Estado son, cada uno, un derecho peculiar, porque cada una de estas figuras es determinaci\u00f3n y existencia de la <em>libertad<\/em>. Solo pueden entrar en <em>colisi\u00f3n<\/em> en la medida en que se hallan en el mismo plano en cuanto a ser derechos; si el punto de vista moral del esp\u00edritu no fuese tambi\u00e9n un derecho, la libertad en una de sus formas, no podr\u00eda en absoluto entrar en colisi\u00f3n con el derecho de la personalidad ni con ning\u00fan otro, porque tal derecho contiene en s\u00ed el concepto de libertad, la determinaci\u00f3n suprema del esp\u00edritu, frente al cual todo lo dem\u00e1s carece de sustancia. Pero la colisi\u00f3n contiene a la vez este otro momento: que ella est\u00e1 <em>limitada<\/em> y, con ello, tambi\u00e9n subordinada la una a la otra; solo el derecho del <em>esp\u00edritu del mundo<\/em> es lo absoluto sin restricci\u00f3n.<\/p>\n<\/blockquote>\n","protected":false},"excerpt":{"rendered":"<p>El derecho es en general algo sagrado, \u00fanicamente porque es la existencia del concepto absoluto, de la libertad autoconsciente. \u2013 El formalismo del derecho, sin embargo (y m\u00e1s adelante el del deber), surge de la diferencia en el desarrollo del concepto de libertad. Frente a un derecho m\u00e1s formal, es decir, m\u00e1s abstracto y por [&hellip;]<\/p>\n","protected":false},"author":1,"featured_media":0,"comment_status":"open","ping_status":"","sticky":false,"template":"","format":"standard","meta":{"footnotes":""},"categories":[13],"tags":[50],"class_list":["post-901337","post","type-post","status-publish","format-standard","hentry","category-uncategorized","tag-concepto"],"_links":{"self":[{"href":"https:\/\/grundlinien.de\/es\/wp-json\/wp\/v2\/posts\/901337","targetHints":{"allow":["GET"]}}],"collection":[{"href":"https:\/\/grundlinien.de\/es\/wp-json\/wp\/v2\/posts"}],"about":[{"href":"https:\/\/grundlinien.de\/es\/wp-json\/wp\/v2\/types\/post"}],"author":[{"embeddable":true,"href":"https:\/\/grundlinien.de\/es\/wp-json\/wp\/v2\/users\/1"}],"replies":[{"embeddable":true,"href":"https:\/\/grundlinien.de\/es\/wp-json\/wp\/v2\/comments?post=901337"}],"version-history":[{"count":2,"href":"https:\/\/grundlinien.de\/es\/wp-json\/wp\/v2\/posts\/901337\/revisions"}],"predecessor-version":[{"id":901360,"href":"https:\/\/grundlinien.de\/es\/wp-json\/wp\/v2\/posts\/901337\/revisions\/901360"}],"wp:attachment":[{"href":"https:\/\/grundlinien.de\/es\/wp-json\/wp\/v2\/media?parent=901337"}],"wp:term":[{"taxonomy":"category","embeddable":true,"href":"https:\/\/grundlinien.de\/es\/wp-json\/wp\/v2\/categories?post=901337"},{"taxonomy":"post_tag","embeddable":true,"href":"https:\/\/grundlinien.de\/es\/wp-json\/wp\/v2\/tags?post=901337"}],"curies":[{"name":"wp","href":"https:\/\/api.w.org\/{rel}","templated":true}]}}