{"id":901347,"date":"2026-08-28T15:48:39","date_gmt":"2026-08-28T13:48:39","guid":{"rendered":"https:\/\/grundlinien.de\/?p=901347"},"modified":"2026-08-28T16:20:06","modified_gmt":"2026-08-28T14:20:06","slug":"31","status":"publish","type":"post","link":"https:\/\/grundlinien.de\/es\/31\/","title":{"rendered":"31"},"content":{"rendered":"\n<p class=\"wp-block-paragraph\">El m\u00e9todo seg\u00fan el cual, en la ciencia, el concepto se desarrolla a partir de s\u00ed mismo, y es solo un progreso <em>inmanente<\/em> y una producci\u00f3n de sus determinaciones, de manera que el avance no se produce mediante la aseveraci\u00f3n de que <em>hay<\/em> diversas relaciones, y luego mediante la <em>aplicaci\u00f3n<\/em> de lo universal a tal material recibido de otra parte, se presupone aqu\u00ed igualmente a partir de la <em>L\u00f3gica<\/em>.<\/p>\n\n\n\n<blockquote class=\"wp-block-quote is-layout-flow wp-block-quote-is-layout-flow\">\n<p class=\"wp-block-paragraph\">Al principio que mueve al concepto, en cuanto no solo disuelve, sino que tambi\u00e9n <em>produce<\/em> las particularizaciones de lo universal, lo llamo la <em>dial\u00e9ctica<\/em> \u2013 dial\u00e9ctica, pues, no en el sentido de que disuelva, confunda y arrastre de un lado a otro un objeto, una proposici\u00f3n, etc., dados al sentimiento, a la conciencia inmediata en general, y que solo tenga que ver con la derivaci\u00f3n de su contrario \u2013 un modo negativo, tal como aparece con frecuencia tambi\u00e9n en <em>Plat\u00f3n<\/em>. Ella puede considerar como su resultado \u00faltimo as\u00ed el contrario de una representaci\u00f3n, o, de modo decidido, como el antiguo escepticismo, la contradicci\u00f3n de la misma, o tambi\u00e9n, de manera m\u00e1s tenue, una <em>aproximaci\u00f3n<\/em> a la verdad, una median\u00eda moderna. La <em>dial\u00e9ctica superior<\/em> del concepto consiste en no tomar la determinaci\u00f3n meramente como l\u00edmite y contrario, sino en producir y aprehender a partir de ella el contenido y el resultado <em>positivos<\/em>, por lo cual ella sola es <em>desarrollo<\/em> y progreso inmanente. Esta dial\u00e9ctica no es entonces una actividad <em>externa<\/em> de un pensar subjetivo, sino el <em>alma propia<\/em> del contenido, que hace brotar org\u00e1nicamente sus ramas y frutos. A este desarrollo de la Idea como actividad propia de su raz\u00f3n se limita a <em>mirar<\/em> el pensamiento en cuanto subjetivo, sin a\u00f1adir por su parte ingrediente alguno. Considerar algo racionalmente no significa aportar al objeto una raz\u00f3n desde fuera y elaborarlo as\u00ed, sino que el objeto es <em>para s\u00ed mismo<\/em> racional; aqu\u00ed es el esp\u00edritu en su libertad, la cima suprema de la raz\u00f3n autoconsciente, el que se da realidad a s\u00ed mismo y se produce como mundo existente; a la ciencia solo le incumbe la tarea de llevar al conocimiento este trabajo propio de la raz\u00f3n de la cosa.<\/p>\n<\/blockquote>\n","protected":false},"excerpt":{"rendered":"<p>El m\u00e9todo seg\u00fan el cual, en la ciencia, el concepto se desarrolla a partir de s\u00ed mismo, y es solo un progreso inmanente y una producci\u00f3n de sus determinaciones, de manera que el avance no se produce mediante la aseveraci\u00f3n de que hay diversas relaciones, y luego mediante la aplicaci\u00f3n de lo universal a tal [&hellip;]<\/p>\n","protected":false},"author":1,"featured_media":0,"comment_status":"open","ping_status":"","sticky":false,"template":"","format":"standard","meta":{"footnotes":""},"categories":[],"tags":[50],"class_list":["post-901347","post","type-post","status-publish","format-standard","hentry","tag-concepto"],"_links":{"self":[{"href":"https:\/\/grundlinien.de\/es\/wp-json\/wp\/v2\/posts\/901347","targetHints":{"allow":["GET"]}}],"collection":[{"href":"https:\/\/grundlinien.de\/es\/wp-json\/wp\/v2\/posts"}],"about":[{"href":"https:\/\/grundlinien.de\/es\/wp-json\/wp\/v2\/types\/post"}],"author":[{"embeddable":true,"href":"https:\/\/grundlinien.de\/es\/wp-json\/wp\/v2\/users\/1"}],"replies":[{"embeddable":true,"href":"https:\/\/grundlinien.de\/es\/wp-json\/wp\/v2\/comments?post=901347"}],"version-history":[{"count":2,"href":"https:\/\/grundlinien.de\/es\/wp-json\/wp\/v2\/posts\/901347\/revisions"}],"predecessor-version":[{"id":901361,"href":"https:\/\/grundlinien.de\/es\/wp-json\/wp\/v2\/posts\/901347\/revisions\/901361"}],"wp:attachment":[{"href":"https:\/\/grundlinien.de\/es\/wp-json\/wp\/v2\/media?parent=901347"}],"wp:term":[{"taxonomy":"category","embeddable":true,"href":"https:\/\/grundlinien.de\/es\/wp-json\/wp\/v2\/categories?post=901347"},{"taxonomy":"post_tag","embeddable":true,"href":"https:\/\/grundlinien.de\/es\/wp-json\/wp\/v2\/tags?post=901347"}],"curies":[{"name":"wp","href":"https:\/\/api.w.org\/{rel}","templated":true}]}}