{"id":901349,"date":"2026-08-28T15:50:04","date_gmt":"2026-08-28T13:50:04","guid":{"rendered":"https:\/\/grundlinien.de\/?p=901349"},"modified":"2026-08-28T16:20:08","modified_gmt":"2026-08-28T14:20:08","slug":"32","status":"publish","type":"post","link":"https:\/\/grundlinien.de\/es\/32\/","title":{"rendered":"32"},"content":{"rendered":"\n<p class=\"wp-block-paragraph\">Las determinaciones en el desarrollo del concepto son, por una parte, ellas mismas conceptos; por otra, dado que el concepto es esencialmente como Idea, est\u00e1n en la forma de la <em>existencia<\/em>, y la serie de conceptos que resulta es, con ello, a la vez, una serie de <em>configuraciones<\/em>; as\u00ed deben ser consideradas en la ciencia.<\/p>\n\n\n\n<blockquote class=\"wp-block-quote is-layout-flow wp-block-quote-is-layout-flow\">\n<p class=\"wp-block-paragraph\">En un sentido m\u00e1s especulativo, el <em>modo de existencia<\/em> de un concepto y su <em>determinidad<\/em> son una y la misma cosa. Pero hay que observar que los momentos, cuyo resultado es una forma m\u00e1s determinada, lo preceden como <em>determinaciones conceptuales<\/em> en el desarrollo cient\u00edfico de la Idea, pero no lo preceden en el desarrollo <em>temporal<\/em> como configuraciones. As\u00ed, la Idea, tal como est\u00e1 determinada como <em>familia<\/em>, tiene por presupuesto las determinaciones conceptuales, como cuyo resultado ser\u00e1 expuesta m\u00e1s adelante. Pero que estos presupuestos internos existan tambi\u00e9n ya, por s\u00ed mismos, como configuraciones \u2014 como derecho de propiedad, contrato, moralidad, etc. \u2014, esto es el otro lado del desarrollo, que solo en una formaci\u00f3n m\u00e1s plenamente acabada ha llegado a esta existencia peculiarmente configurada de sus momentos.<\/p>\n<\/blockquote>\n","protected":false},"excerpt":{"rendered":"<p>Las determinaciones en el desarrollo del concepto son, por una parte, ellas mismas conceptos; por otra, dado que el concepto es esencialmente como Idea, est\u00e1n en la forma de la existencia, y la serie de conceptos que resulta es, con ello, a la vez, una serie de configuraciones; as\u00ed deben ser consideradas en la ciencia. [&hellip;]<\/p>\n","protected":false},"author":1,"featured_media":0,"comment_status":"open","ping_status":"","sticky":false,"template":"","format":"standard","meta":{"footnotes":""},"categories":[],"tags":[50],"class_list":["post-901349","post","type-post","status-publish","format-standard","hentry","tag-concepto"],"_links":{"self":[{"href":"https:\/\/grundlinien.de\/es\/wp-json\/wp\/v2\/posts\/901349","targetHints":{"allow":["GET"]}}],"collection":[{"href":"https:\/\/grundlinien.de\/es\/wp-json\/wp\/v2\/posts"}],"about":[{"href":"https:\/\/grundlinien.de\/es\/wp-json\/wp\/v2\/types\/post"}],"author":[{"embeddable":true,"href":"https:\/\/grundlinien.de\/es\/wp-json\/wp\/v2\/users\/1"}],"replies":[{"embeddable":true,"href":"https:\/\/grundlinien.de\/es\/wp-json\/wp\/v2\/comments?post=901349"}],"version-history":[{"count":2,"href":"https:\/\/grundlinien.de\/es\/wp-json\/wp\/v2\/posts\/901349\/revisions"}],"predecessor-version":[{"id":901362,"href":"https:\/\/grundlinien.de\/es\/wp-json\/wp\/v2\/posts\/901349\/revisions\/901362"}],"wp:attachment":[{"href":"https:\/\/grundlinien.de\/es\/wp-json\/wp\/v2\/media?parent=901349"}],"wp:term":[{"taxonomy":"category","embeddable":true,"href":"https:\/\/grundlinien.de\/es\/wp-json\/wp\/v2\/categories?post=901349"},{"taxonomy":"post_tag","embeddable":true,"href":"https:\/\/grundlinien.de\/es\/wp-json\/wp\/v2\/tags?post=901349"}],"curies":[{"name":"wp","href":"https:\/\/api.w.org\/{rel}","templated":true}]}}