{"id":901371,"date":"2026-08-28T17:28:08","date_gmt":"2026-08-28T15:28:08","guid":{"rendered":"https:\/\/grundlinien.de\/?p=901371"},"modified":"2026-08-28T17:28:08","modified_gmt":"2026-08-28T15:28:08","slug":"33","status":"publish","type":"post","link":"https:\/\/grundlinien.de\/es\/33\/","title":{"rendered":"33"},"content":{"rendered":"<p class=\"wp-block-paragraph\"><strong>Divisi\u00f3n<\/strong><\/p><p class=\"wp-block-paragraph\">Seg\u00fan la secuencia gradual del desarrollo de la Idea de la voluntad libre en y para s\u00ed, la voluntad es:\n\nA. <em>inmediata<\/em>; su concepto es por ello abstracto: la <em>personalidad<\/em>, y su <em>existencia<\/em> una cosa exterior inmediata; \u2013 la esfera del derecho <em>abstracto<\/em> o <em>formal<\/em>;\n\nB. la voluntad, reflejada <em>en s\u00ed<\/em> desde la existencia exterior, determinada como <em>singularidad subjetiva<\/em> frente a lo <em>universal<\/em> \u2013 este, en parte como algo interior, el <em>bien<\/em>, en parte como algo exterior, un mundo <em>existente<\/em>, y estos dos lados de la Idea como solo <em>mediados el uno por el otro<\/em>; la Idea en su escisi\u00f3n o <em>existencia particular<\/em>, el <em>derecho de la voluntad subjetiva<\/em> en relaci\u00f3n con el derecho del mundo y con el <em>derecho<\/em> de la Idea, pero de la Idea que es solo <em>en s\u00ed<\/em>; \u2013 la <em>esfera de la moralidad<\/em>;\n\nC. la <em>unidad<\/em> y <em>verdad<\/em> de estos dos momentos abstractos \u2013 la Idea pensada del bien realizada en la voluntad reflejada en s\u00ed y en el mundo exterior<sup data-fn=\"e1913fc8-a967-4d5f-9f1b-0313c9473c96\" class=\"fn\"><a href=\"#e1913fc8-a967-4d5f-9f1b-0313c9473c96\" id=\"e1913fc8-a967-4d5f-9f1b-0313c9473c96-link\">1<\/a><\/sup> \u2013 de manera que la libertad, en cuanto <em>sustancia<\/em>, existe tanto como <em>realidad<\/em> y <em>necesidad<\/em> cuanto como <em>voluntad subjetiva<\/em>; \u2013 la <em>Idea<\/em> en su existencia universal en y para s\u00ed; la <em>eticidad<\/em>.\n\nPero la sustancia \u00e9tica es igualmente:\n\na) <em>esp\u00edritu natural<\/em>; \u2013 la <em>familia<\/em>,\n\nb) en su <em>escisi\u00f3n<\/em> y <em>aparici\u00f3n<\/em>; \u2013 la <em>sociedad civil<\/em>,\n\nc) el <em>Estado<\/em>, como la libertad igualmente universal y objetiva en la libre autonom\u00eda de la voluntad particular; \u2013 esp\u00edritu real y org\u00e1nico que \u03b1) de un pueblo, \u03b2) a trav\u00e9s de la relaci\u00f3n de los esp\u00edritus particulares de los pueblos, \u03b3) en la historia universal se hace real y se revela como el esp\u00edritu universal del mundo, cuyo <em>derecho<\/em> es el <em>supremo<\/em>.<\/p><blockquote class=\"wp-block-quote is-layout-flow wp-block-quote-is-layout-flow\"><p class=\"wp-block-paragraph\">Que una cosa o un contenido, que est\u00e1 puesto primero seg\u00fan su <em>concepto<\/em>, o tal como es <em>en s\u00ed<\/em>, tenga la figura de la <em>inmediatez<\/em> o del <em>ser<\/em>, se presupone a partir de la l\u00f3gica especulativa; otra cosa es el concepto que es <em>para s\u00ed<\/em> en la forma del concepto; este ya no es algo inmediato. \u2013 Del mismo modo se presupone aqu\u00ed el principio que determina la <em>divisi\u00f3n<\/em>. La divisi\u00f3n tambi\u00e9n puede considerarse como una indicaci\u00f3n hist\u00f3rica y anticipada de las partes, pues los diversos grados deben producirse, como momentos del desarrollo de la Idea, a partir de la naturaleza misma del contenido. Una divisi\u00f3n filos\u00f3fica no es en absoluto una clasificaci\u00f3n externa de una materia dada, hecha seg\u00fan uno o varios principios de divisi\u00f3n adoptados desde fuera, sino la <em>distinci\u00f3n inmanente<\/em> del concepto mismo. \u2013 <em>Moralidad<\/em> y <em>eticidad<\/em>, que habitualmente se consideran m\u00e1s o menos sin\u00f3nimas, se toman aqu\u00ed en un sentido esencialmente distinto. Sin embargo, tambi\u00e9n la representaci\u00f3n parece distinguirlas; el uso ling\u00fc\u00edstico kantiano se sirve preferentemente de la expresi\u00f3n <em>moralidad<\/em>, as\u00ed como los principios pr\u00e1cticos de esta filosof\u00eda se limitan enteramente a este concepto, e incluso hacen imposible el punto de vista de la <em>eticidad<\/em>, m\u00e1s a\u00fan, lo aniquilan y lo repudian expresamente. Pero aunque <em>moralidad<\/em> y <em>eticidad<\/em> fuesen, seg\u00fan su etimolog\u00eda, sin\u00f3nimas, esto no impedir\u00eda emplear estas dos palabras, una vez diferenciadas, para conceptos distintos.<\/p><\/blockquote><ol class=\"wp-block-footnotes\"><li id=\"e1913fc8-a967-4d5f-9f1b-0313c9473c96\">*[Manuscrito:] es decir, otros sujetos <a href=\"#e1913fc8-a967-4d5f-9f1b-0313c9473c96-link\" aria-label=\"Saltar a la referencia de la nota 1\">\u21a9\ufe0e<\/a><\/li><\/ol>","protected":false},"excerpt":{"rendered":"<p>Divisi\u00f3n Seg\u00fan la secuencia gradual del desarrollo de la Idea de la voluntad libre en y para s\u00ed, la voluntad es: A. inmediata; su concepto es por ello abstracto: la personalidad, y su existencia una cosa exterior inmediata; \u2013 la esfera del derecho abstracto o formal; B. la voluntad, reflejada en s\u00ed desde la existencia [&hellip;]<\/p>\n","protected":false},"author":1,"featured_media":0,"comment_status":"open","ping_status":"","sticky":false,"template":"","format":"standard","meta":{"footnotes":"[{\"id\": \"e1913fc8-a967-4d5f-9f1b-0313c9473c96\", \"content\": \"*[Manuscrito:] es decir, otros sujetos\"}]"},"categories":[],"tags":[50],"class_list":["post-901371","post","type-post","status-publish","format-standard","hentry","tag-concepto"],"_links":{"self":[{"href":"https:\/\/grundlinien.de\/es\/wp-json\/wp\/v2\/posts\/901371","targetHints":{"allow":["GET"]}}],"collection":[{"href":"https:\/\/grundlinien.de\/es\/wp-json\/wp\/v2\/posts"}],"about":[{"href":"https:\/\/grundlinien.de\/es\/wp-json\/wp\/v2\/types\/post"}],"author":[{"embeddable":true,"href":"https:\/\/grundlinien.de\/es\/wp-json\/wp\/v2\/users\/1"}],"replies":[{"embeddable":true,"href":"https:\/\/grundlinien.de\/es\/wp-json\/wp\/v2\/comments?post=901371"}],"version-history":[{"count":1,"href":"https:\/\/grundlinien.de\/es\/wp-json\/wp\/v2\/posts\/901371\/revisions"}],"predecessor-version":[{"id":901372,"href":"https:\/\/grundlinien.de\/es\/wp-json\/wp\/v2\/posts\/901371\/revisions\/901372"}],"wp:attachment":[{"href":"https:\/\/grundlinien.de\/es\/wp-json\/wp\/v2\/media?parent=901371"}],"wp:term":[{"taxonomy":"category","embeddable":true,"href":"https:\/\/grundlinien.de\/es\/wp-json\/wp\/v2\/categories?post=901371"},{"taxonomy":"post_tag","embeddable":true,"href":"https:\/\/grundlinien.de\/es\/wp-json\/wp\/v2\/tags?post=901371"}],"curies":[{"name":"wp","href":"https:\/\/api.w.org\/{rel}","templated":true}]}}