{"id":901389,"date":"2026-08-28T17:36:03","date_gmt":"2026-08-28T15:36:03","guid":{"rendered":"https:\/\/grundlinien.de\/?p=901389"},"modified":"2026-08-29T20:03:09","modified_gmt":"2026-08-29T18:03:09","slug":"84","status":"publish","type":"post","link":"https:\/\/grundlinien.de\/es\/84\/","title":{"rendered":"84"},"content":{"rendered":"<p class=\"wp-block-paragraph\"><strong>A. El entuerto ingenuo<\/strong><\/p><p class=\"wp-block-paragraph\">La toma de posesi\u00f3n (<a href=\"https:\/\/grundlinien.de\/es\/54\/\">\u00a7 54<\/a>) y el contrato, considerados por s\u00ed y seg\u00fan sus especies particulares \u2014en un principio, diversas exteriorizaciones y consecuencias de mi voluntad en general\u2014 son, puesto que la voluntad es lo universal en s\u00ed, <em>fundamentos jur\u00eddicos<\/em> con respecto al reconocimiento de los dem\u00e1s. En su exterioridad rec\u00edproca y su multiplicidad<sup data-fn=\"75c262e7-1fff-483a-bd9f-9f48384867c8\" class=\"fn\"><a href=\"#75c262e7-1fff-483a-bd9f-9f48384867c8\" id=\"75c262e7-1fff-483a-bd9f-9f48384867c8-link\">1<\/a><\/sup> reside que puedan pertenecer, con respecto a una y la misma cosa, a personas diferentes, cada una de las cuales considera la cosa como su propiedad a partir de su fundamento jur\u00eddico particular, con lo cual surgen <em>colisiones de derecho<\/em>.<\/p><ol class=\"wp-block-footnotes\"><li id=\"75c262e7-1fff-483a-bd9f-9f48384867c8\">nota editorial: en el ejemplar personal corregido a: \u00abEn la multiplicidad y en la exterioridad rec\u00edproca de estos [fundamentos jur\u00eddicos]\u00bb <a href=\"#75c262e7-1fff-483a-bd9f-9f48384867c8-link\" aria-label=\"Saltar a la referencia de la nota 1\">\u21a9\ufe0e<\/a><\/li><\/ol>","protected":false},"excerpt":{"rendered":"<p>A. El entuerto ingenuo La toma de posesi\u00f3n (\u00a7 54) y el contrato, considerados por s\u00ed y seg\u00fan sus especies particulares \u2014en un principio, diversas exteriorizaciones y consecuencias de mi voluntad en general\u2014 son, puesto que la voluntad es lo universal en s\u00ed, fundamentos jur\u00eddicos con respecto al reconocimiento de los dem\u00e1s. En su exterioridad [&hellip;]<\/p>\n","protected":false},"author":1,"featured_media":0,"comment_status":"open","ping_status":"","sticky":false,"template":"","format":"standard","meta":{"footnotes":"[{\"id\": \"75c262e7-1fff-483a-bd9f-9f48384867c8\", \"content\": \"nota editorial: en el ejemplar personal corregido a: \u00abEn la multiplicidad y en la exterioridad rec\u00edproca de estos [fundamentos jur\u00eddicos]\u00bb\"}]"},"categories":[],"tags":[50],"class_list":["post-901389","post","type-post","status-publish","format-standard","hentry","tag-concepto"],"_links":{"self":[{"href":"https:\/\/grundlinien.de\/es\/wp-json\/wp\/v2\/posts\/901389","targetHints":{"allow":["GET"]}}],"collection":[{"href":"https:\/\/grundlinien.de\/es\/wp-json\/wp\/v2\/posts"}],"about":[{"href":"https:\/\/grundlinien.de\/es\/wp-json\/wp\/v2\/types\/post"}],"author":[{"embeddable":true,"href":"https:\/\/grundlinien.de\/es\/wp-json\/wp\/v2\/users\/1"}],"replies":[{"embeddable":true,"href":"https:\/\/grundlinien.de\/es\/wp-json\/wp\/v2\/comments?post=901389"}],"version-history":[{"count":3,"href":"https:\/\/grundlinien.de\/es\/wp-json\/wp\/v2\/posts\/901389\/revisions"}],"predecessor-version":[{"id":902149,"href":"https:\/\/grundlinien.de\/es\/wp-json\/wp\/v2\/posts\/901389\/revisions\/902149"}],"wp:attachment":[{"href":"https:\/\/grundlinien.de\/es\/wp-json\/wp\/v2\/media?parent=901389"}],"wp:term":[{"taxonomy":"category","embeddable":true,"href":"https:\/\/grundlinien.de\/es\/wp-json\/wp\/v2\/categories?post=901389"},{"taxonomy":"post_tag","embeddable":true,"href":"https:\/\/grundlinien.de\/es\/wp-json\/wp\/v2\/tags?post=901389"}],"curies":[{"name":"wp","href":"https:\/\/api.w.org\/{rel}","templated":true}]}}