{"id":901410,"date":"2026-08-28T17:50:30","date_gmt":"2026-08-28T15:50:30","guid":{"rendered":"https:\/\/grundlinien.de\/?p=901410"},"modified":"2026-08-29T20:02:52","modified_gmt":"2026-08-29T18:02:52","slug":"153","status":"publish","type":"post","link":"https:\/\/grundlinien.de\/es\/153\/","title":{"rendered":"153"},"content":{"rendered":"<p class=\"wp-block-paragraph\">El <em>derecho de los individuos<\/em> para su <em>determinaci\u00f3n subjetiva a la libertad<\/em> tiene su cumplimiento en que pertenezcan a la realidad \u00e9tica, puesto que la <em>certeza<\/em> de su libertad tiene, en tal objetividad, su <em>verdad<\/em>, y ellos poseen efectivamente, en lo \u00e9tico, <em>su propia<\/em> esencia, su universalidad <em>interior<\/em> (<a href=\"https:\/\/grundlinien.de\/es\/147\/\">\u00a7 147<\/a>).<\/p><blockquote class=\"wp-block-quote is-layout-flow wp-block-quote-is-layout-flow\"><p class=\"wp-block-paragraph\">A la pregunta de un padre sobre la mejor manera de educar \u00e9ticamente a su hijo, respondi\u00f3 un pitag\u00f3rico (tambi\u00e9n se pone esta respuesta en boca de otros)<sup data-fn=\"fe05c709-83f3-4e31-b804-b5d59dcc5316\" class=\"fn\"><a href=\"#fe05c709-83f3-4e31-b804-b5d59dcc5316\" id=\"fe05c709-83f3-4e31-b804-b5d59dcc5316-link\">1<\/a><\/sup> lo siguiente: haci\u00e9ndolo <em>ciudadano de un Estado de buenas leyes<\/em>.<\/p><\/blockquote><ol class=\"wp-block-footnotes\"><li id=\"fe05c709-83f3-4e31-b804-b5d59dcc5316\">[Manuscrito:] a S\u00f3crates <a href=\"#fe05c709-83f3-4e31-b804-b5d59dcc5316-link\" aria-label=\"Saltar a la referencia de la nota 1\">\u21a9\ufe0e<\/a><\/li><\/ol>","protected":false},"excerpt":{"rendered":"<p>El derecho de los individuos para su determinaci\u00f3n subjetiva a la libertad tiene su cumplimiento en que pertenezcan a la realidad \u00e9tica, puesto que la certeza de su libertad tiene, en tal objetividad, su verdad, y ellos poseen efectivamente, en lo \u00e9tico, su propia esencia, su universalidad interior (\u00a7 147). A la pregunta de un [&hellip;]<\/p>\n","protected":false},"author":1,"featured_media":0,"comment_status":"open","ping_status":"","sticky":false,"template":"","format":"standard","meta":{"footnotes":"[{\"id\": \"fe05c709-83f3-4e31-b804-b5d59dcc5316\", \"content\": \"[Manuscrito:] a S\u00f3crates\"}]"},"categories":[],"tags":[50],"class_list":["post-901410","post","type-post","status-publish","format-standard","hentry","tag-concepto"],"_links":{"self":[{"href":"https:\/\/grundlinien.de\/es\/wp-json\/wp\/v2\/posts\/901410","targetHints":{"allow":["GET"]}}],"collection":[{"href":"https:\/\/grundlinien.de\/es\/wp-json\/wp\/v2\/posts"}],"about":[{"href":"https:\/\/grundlinien.de\/es\/wp-json\/wp\/v2\/types\/post"}],"author":[{"embeddable":true,"href":"https:\/\/grundlinien.de\/es\/wp-json\/wp\/v2\/users\/1"}],"replies":[{"embeddable":true,"href":"https:\/\/grundlinien.de\/es\/wp-json\/wp\/v2\/comments?post=901410"}],"version-history":[{"count":2,"href":"https:\/\/grundlinien.de\/es\/wp-json\/wp\/v2\/posts\/901410\/revisions"}],"predecessor-version":[{"id":902141,"href":"https:\/\/grundlinien.de\/es\/wp-json\/wp\/v2\/posts\/901410\/revisions\/902141"}],"wp:attachment":[{"href":"https:\/\/grundlinien.de\/es\/wp-json\/wp\/v2\/media?parent=901410"}],"wp:term":[{"taxonomy":"category","embeddable":true,"href":"https:\/\/grundlinien.de\/es\/wp-json\/wp\/v2\/categories?post=901410"},{"taxonomy":"post_tag","embeddable":true,"href":"https:\/\/grundlinien.de\/es\/wp-json\/wp\/v2\/tags?post=901410"}],"curies":[{"name":"wp","href":"https:\/\/api.w.org\/{rel}","templated":true}]}}