{"id":901420,"date":"2026-08-28T17:55:39","date_gmt":"2026-08-28T15:55:39","guid":{"rendered":"https:\/\/grundlinien.de\/?p=901420"},"modified":"2026-08-28T17:55:39","modified_gmt":"2026-08-28T15:55:39","slug":"247","status":"publish","type":"post","link":"https:\/\/grundlinien.de\/es\/247\/","title":{"rendered":"247"},"content":{"rendered":"<p class=\"wp-block-paragraph\">As\u00ed como para el principio de la vida familiar la tierra, el <em>suelo<\/em> firme, es condici\u00f3n, as\u00ed tambi\u00e9n, para la industria, el elemento natural que la anima hacia afuera es el <em>mar<\/em>. En el af\u00e1n de la adquisici\u00f3n, precisamente por exponerla al peligro, se eleva a la vez por encima de ella, y sustituye el fijarse en el terr\u00f3n de tierra y en los c\u00edrculos limitados de la vida civil, sus goces y deseos, por el elemento de la fluidez, el peligro y la ruina. As\u00ed, adem\u00e1s, por medio de este mayor medio de conexi\u00f3n, pone a pa\u00edses lejanos en la relaci\u00f3n del comercio, una relaci\u00f3n jur\u00eddica que introduce el contrato, comercio en el cual se encuentra, a la vez, el mayor medio de formaci\u00f3n, y en el cual el comercio mar\u00edtimo encuentra su significado hist\u00f3rico-universal.<\/p><blockquote class=\"wp-block-quote is-layout-flow wp-block-quote-is-layout-flow\"><p class=\"wp-block-paragraph\">Que los r\u00edos <em>no son fronteras naturales<\/em>, como se ha pretendido hacerlos valer en tiempos recientes, sino que ellos, y del mismo modo los mares, m\u00e1s bien unen a los seres humanos; que es un pensamiento incorrecto cuando <em>Horacio<\/em> dice (<em>Odas<\/em>, I, 3):\n\n<em>\u2026 deus abscidit \/ Prudens Oceano dissociabili \/ Terras \u2026<\/em><sup data-fn=\"39746c5c-b91c-41ad-8f6b-302d8deb21e5\" class=\"fn\"><a href=\"#39746c5c-b91c-41ad-8f6b-302d8deb21e5\" id=\"39746c5c-b91c-41ad-8f6b-302d8deb21e5-link\">1<\/a><\/sup>\n\nlo muestran no solo las cuencas de los r\u00edos, habitadas por un [mismo] linaje o pueblo, sino tambi\u00e9n, por ejemplo, las dem\u00e1s relaciones de Grecia, Jonia y la Magna Grecia, [de] Breta\u00f1a y Britania, Dinamarca y Noruega, Suecia, Finlandia, Livonia, etc. \u2014 sobre todo tambi\u00e9n en contraste con la conexi\u00f3n menor de los habitantes de las tierras costeras con los del interior. \u2014 Pero, para saber qu\u00e9 medio de formaci\u00f3n reside en la conexi\u00f3n con el mar, comp\u00e1rese la relaci\u00f3n con el mar de las naciones en las que ha florecido la industria, con la de aquellas que se han prohibido a s\u00ed mismas la navegaci\u00f3n y, como los egipcios, los indios, se han embotado en s\u00ed mismas y hundido en la superstici\u00f3n m\u00e1s terrible y vergonzosa \u2014 y c\u00f3mo todas las grandes naciones que aspiran en s\u00ed mismas se dirigen hacia el mar.<\/p><\/blockquote><ol class=\"wp-block-footnotes\"><li id=\"39746c5c-b91c-41ad-8f6b-302d8deb21e5\">\u00ab\u2026 un dios previsor separ\u00f3 las tierras mediante el mar inh\u00f3spito\u2026\u00bb <a href=\"#39746c5c-b91c-41ad-8f6b-302d8deb21e5-link\" aria-label=\"Saltar a la referencia de la nota 1\">\u21a9\ufe0e<\/a><\/li><\/ol>","protected":false},"excerpt":{"rendered":"<p>As\u00ed como para el principio de la vida familiar la tierra, el suelo firme, es condici\u00f3n, as\u00ed tambi\u00e9n, para la industria, el elemento natural que la anima hacia afuera es el mar. En el af\u00e1n de la adquisici\u00f3n, precisamente por exponerla al peligro, se eleva a la vez por encima de ella, y sustituye el [&hellip;]<\/p>\n","protected":false},"author":1,"featured_media":0,"comment_status":"open","ping_status":"","sticky":false,"template":"","format":"standard","meta":{"footnotes":"[{\"id\": \"39746c5c-b91c-41ad-8f6b-302d8deb21e5\", \"content\": \"\u00ab\u2026 un dios previsor separ\u00f3 las tierras mediante el mar inh\u00f3spito\u2026\u00bb\"}]"},"categories":[],"tags":[51],"class_list":["post-901420","post","type-post","status-publish","format-standard","hentry","tag-realizacion"],"_links":{"self":[{"href":"https:\/\/grundlinien.de\/es\/wp-json\/wp\/v2\/posts\/901420","targetHints":{"allow":["GET"]}}],"collection":[{"href":"https:\/\/grundlinien.de\/es\/wp-json\/wp\/v2\/posts"}],"about":[{"href":"https:\/\/grundlinien.de\/es\/wp-json\/wp\/v2\/types\/post"}],"author":[{"embeddable":true,"href":"https:\/\/grundlinien.de\/es\/wp-json\/wp\/v2\/users\/1"}],"replies":[{"embeddable":true,"href":"https:\/\/grundlinien.de\/es\/wp-json\/wp\/v2\/comments?post=901420"}],"version-history":[{"count":1,"href":"https:\/\/grundlinien.de\/es\/wp-json\/wp\/v2\/posts\/901420\/revisions"}],"predecessor-version":[{"id":901421,"href":"https:\/\/grundlinien.de\/es\/wp-json\/wp\/v2\/posts\/901420\/revisions\/901421"}],"wp:attachment":[{"href":"https:\/\/grundlinien.de\/es\/wp-json\/wp\/v2\/media?parent=901420"}],"wp:term":[{"taxonomy":"category","embeddable":true,"href":"https:\/\/grundlinien.de\/es\/wp-json\/wp\/v2\/categories?post=901420"},{"taxonomy":"post_tag","embeddable":true,"href":"https:\/\/grundlinien.de\/es\/wp-json\/wp\/v2\/tags?post=901420"}],"curies":[{"name":"wp","href":"https:\/\/api.w.org\/{rel}","templated":true}]}}