{"id":901442,"date":"2026-08-28T19:26:44","date_gmt":"2026-08-28T17:26:44","guid":{"rendered":"https:\/\/grundlinien.de\/?p=901442"},"modified":"2026-08-28T19:26:44","modified_gmt":"2026-08-28T17:26:44","slug":"38","status":"publish","type":"post","link":"https:\/\/grundlinien.de\/es\/38\/","title":{"rendered":"\u00a7 38"},"content":{"rendered":"\n<p class=\"wp-block-paragraph\">En relaci\u00f3n con la acci\u00f3n <em>concreta<\/em> y con las relaciones morales y \u00e9ticas, el derecho abstracto es, frente a su contenido ulterior, solo una <em>posibilidad<\/em>, y la determinaci\u00f3n jur\u00eddica, por tanto, solo un <em>permiso<\/em> o una <em>facultad<\/em>. La necesidad de este derecho se limita, por el mismo motivo de su abstracci\u00f3n, a lo negativo: a <em>no vulnerar<\/em> la personalidad y lo que de ella se sigue. Por eso solo hay <em>prohibiciones jur\u00eddicas<\/em>, y la forma positiva de los mandatos jur\u00eddicos tiene, en su contenido \u00faltimo, la prohibici\u00f3n como fundamento.<\/p>\n","protected":false},"excerpt":{"rendered":"<p>En relaci\u00f3n con la acci\u00f3n concreta y con las relaciones morales y \u00e9ticas, el derecho abstracto es, frente a su contenido ulterior, solo una posibilidad, y la determinaci\u00f3n jur\u00eddica, por tanto, solo un permiso o una facultad. La necesidad de este derecho se limita, por el mismo motivo de su abstracci\u00f3n, a lo negativo: a [&hellip;]<\/p>\n","protected":false},"author":1,"featured_media":0,"comment_status":"open","ping_status":"","sticky":false,"template":"","format":"standard","meta":{"footnotes":""},"categories":[],"tags":[50],"class_list":["post-901442","post","type-post","status-publish","format-standard","hentry","tag-concepto"],"_links":{"self":[{"href":"https:\/\/grundlinien.de\/es\/wp-json\/wp\/v2\/posts\/901442","targetHints":{"allow":["GET"]}}],"collection":[{"href":"https:\/\/grundlinien.de\/es\/wp-json\/wp\/v2\/posts"}],"about":[{"href":"https:\/\/grundlinien.de\/es\/wp-json\/wp\/v2\/types\/post"}],"author":[{"embeddable":true,"href":"https:\/\/grundlinien.de\/es\/wp-json\/wp\/v2\/users\/1"}],"replies":[{"embeddable":true,"href":"https:\/\/grundlinien.de\/es\/wp-json\/wp\/v2\/comments?post=901442"}],"version-history":[{"count":1,"href":"https:\/\/grundlinien.de\/es\/wp-json\/wp\/v2\/posts\/901442\/revisions"}],"predecessor-version":[{"id":901443,"href":"https:\/\/grundlinien.de\/es\/wp-json\/wp\/v2\/posts\/901442\/revisions\/901443"}],"wp:attachment":[{"href":"https:\/\/grundlinien.de\/es\/wp-json\/wp\/v2\/media?parent=901442"}],"wp:term":[{"taxonomy":"category","embeddable":true,"href":"https:\/\/grundlinien.de\/es\/wp-json\/wp\/v2\/categories?post=901442"},{"taxonomy":"post_tag","embeddable":true,"href":"https:\/\/grundlinien.de\/es\/wp-json\/wp\/v2\/tags?post=901442"}],"curies":[{"name":"wp","href":"https:\/\/api.w.org\/{rel}","templated":true}]}}