{"id":901448,"date":"2026-08-28T19:31:24","date_gmt":"2026-08-28T17:31:24","guid":{"rendered":"https:\/\/grundlinien.de\/?p=901448"},"modified":"2026-08-28T19:31:24","modified_gmt":"2026-08-28T17:31:24","slug":"41","status":"publish","type":"post","link":"https:\/\/grundlinien.de\/es\/41\/","title":{"rendered":"\u00a7 41"},"content":{"rendered":"\n<p class=\"wp-block-paragraph\"><strong>Primera Secci\u00f3n. La propiedad<\/strong><\/p>\n\n\n\n<p class=\"wp-block-paragraph\">La persona debe darse una <em>esfera exterior de su libertad<\/em> para ser como <em>Idea<\/em>. Puesto que la persona es la voluntad infinita que es en y para s\u00ed, en esta primera determinaci\u00f3n todav\u00eda enteramente abstracta, aquello que se distingue de ella y que puede constituir la esfera de su libertad est\u00e1 determinado igualmente como lo <em>inmediatamente distinto<\/em> de ella y <em>separable<\/em>.<\/p>\n","protected":false},"excerpt":{"rendered":"<p>Primera Secci\u00f3n. La propiedad La persona debe darse una esfera exterior de su libertad para ser como Idea. Puesto que la persona es la voluntad infinita que es en y para s\u00ed, en esta primera determinaci\u00f3n todav\u00eda enteramente abstracta, aquello que se distingue de ella y que puede constituir la esfera de su libertad est\u00e1 [&hellip;]<\/p>\n","protected":false},"author":1,"featured_media":0,"comment_status":"open","ping_status":"","sticky":false,"template":"","format":"standard","meta":{"footnotes":""},"categories":[],"tags":[50],"class_list":["post-901448","post","type-post","status-publish","format-standard","hentry","tag-concepto"],"_links":{"self":[{"href":"https:\/\/grundlinien.de\/es\/wp-json\/wp\/v2\/posts\/901448","targetHints":{"allow":["GET"]}}],"collection":[{"href":"https:\/\/grundlinien.de\/es\/wp-json\/wp\/v2\/posts"}],"about":[{"href":"https:\/\/grundlinien.de\/es\/wp-json\/wp\/v2\/types\/post"}],"author":[{"embeddable":true,"href":"https:\/\/grundlinien.de\/es\/wp-json\/wp\/v2\/users\/1"}],"replies":[{"embeddable":true,"href":"https:\/\/grundlinien.de\/es\/wp-json\/wp\/v2\/comments?post=901448"}],"version-history":[{"count":1,"href":"https:\/\/grundlinien.de\/es\/wp-json\/wp\/v2\/posts\/901448\/revisions"}],"predecessor-version":[{"id":901449,"href":"https:\/\/grundlinien.de\/es\/wp-json\/wp\/v2\/posts\/901448\/revisions\/901449"}],"wp:attachment":[{"href":"https:\/\/grundlinien.de\/es\/wp-json\/wp\/v2\/media?parent=901448"}],"wp:term":[{"taxonomy":"category","embeddable":true,"href":"https:\/\/grundlinien.de\/es\/wp-json\/wp\/v2\/categories?post=901448"},{"taxonomy":"post_tag","embeddable":true,"href":"https:\/\/grundlinien.de\/es\/wp-json\/wp\/v2\/tags?post=901448"}],"curies":[{"name":"wp","href":"https:\/\/api.w.org\/{rel}","templated":true}]}}