{"id":901452,"date":"2026-08-28T19:34:45","date_gmt":"2026-08-28T17:34:45","guid":{"rendered":"https:\/\/grundlinien.de\/?p=901452"},"modified":"2026-08-28T19:34:45","modified_gmt":"2026-08-28T17:34:45","slug":"43","status":"publish","type":"post","link":"https:\/\/grundlinien.de\/es\/43\/","title":{"rendered":"\u00a7 43"},"content":{"rendered":"\n<p class=\"wp-block-paragraph\">La persona tiene, en cuanto <em>concepto inmediato<\/em> y, por ello, tambi\u00e9n en cuanto esencialmente <em>singular<\/em>, una <em>existencia natural<\/em>, en parte en s\u00ed misma, en parte como una a la que se refiere en cuanto <em>mundo exterior<\/em>. \u2013 Aqu\u00ed, trat\u00e1ndose de la persona, que ella misma est\u00e1 todav\u00eda en su primera inmediatez, solo se habla de estas cosas tal como son <em>inmediatamente<\/em>, no de determinaciones que sean capaces de llegar a ser tales mediante la mediaci\u00f3n de la voluntad.<\/p>\n\n\n\n<blockquote class=\"wp-block-quote is-layout-flow wp-block-quote-is-layout-flow\">\n<p class=\"wp-block-paragraph\">Las habilidades espirituales, las ciencias, las artes, e incluso lo religioso (sermones, misas, oraciones, bendiciones en objetos consagrados), los inventos, etc., se convierten en objetos de contrato, equiparados a <em>cosas<\/em> reconocidas, en el modo de la compra, la venta, etc. Cabe preguntarse si el artista, el erudito, etc., est\u00e1 en posesi\u00f3n jur\u00eddica de su arte, de su ciencia, de su capacidad de predicar, de decir misa, etc., es decir, si tales objetos son <em>cosas<\/em>. Se dudar\u00e1 en llamar <em>cosas<\/em> a tales habilidades, conocimientos, capacidades, etc.; puesto que, por una parte, sobre tal posesi\u00f3n se negocia y se contrata como sobre cosas, mientras que, por otra, es algo interior y espiritual, el entendimiento puede hallarse en apuros respecto de su calificaci\u00f3n jur\u00eddica, ya que ante \u00e9l solo se presenta la oposici\u00f3n de que algo sea <em>o bien<\/em> cosa <em>o bien<\/em> no-cosa (as\u00ed como el <em>o bien<\/em> es infinito, el <em>o<\/em> es finito). Los conocimientos, las ciencias, los talentos, etc., son, por cierto, propios del esp\u00edritu libre y algo interior suyo, no algo exterior; pero el esp\u00edritu puede, mediante la exteriorizaci\u00f3n, darles igualmente una existencia externa y <em>enajenarlos<\/em> (v\u00e9ase m\u00e1s abajo), con lo cual quedan puestos bajo la determinaci\u00f3n de <em>cosas<\/em>. Por tanto, no son en un primer momento algo inmediato, sino que llegan a serlo solo mediante la mediaci\u00f3n del esp\u00edritu, que rebaja su interioridad a la inmediatez y a la exterioridad. \u2013 Seg\u00fan la determinaci\u00f3n injusta y anti\u00e9tica del derecho romano, los hijos eran <em>cosas<\/em> para el padre, y este se hallaba as\u00ed en posesi\u00f3n jur\u00eddica de sus hijos, y sin embargo tambi\u00e9n se hallaba, sin duda, en una relaci\u00f3n \u00e9tica de amor hacia ellos (relaci\u00f3n que, por cierto, deb\u00eda verse muy debilitada por aquella injusticia). Se daba en ello, pues, una uni\u00f3n \u2014aunque enteramente injusta\u2014 de las dos determinaciones de cosa y no-cosa. \u2013 En el derecho abstracto, que tiene por objeto solo a la persona como tal, y por tanto tambi\u00e9n lo particular que pertenece a la existencia y a la esfera de su libertad, \u00fanicamente en la medida en que es algo <em>separable<\/em> de ella e <em>inmediatamente distinto<\/em> \u2014siendo esta su determinaci\u00f3n esencial, o bien pudiendo alcanzarla solo por mediaci\u00f3n de la voluntad subjetiva\u2014, las habilidades espirituales, las ciencias, etc., entran en consideraci\u00f3n \u00fanicamente seg\u00fan su <em>posesi\u00f3n jur\u00eddica<\/em>; la posesi\u00f3n del cuerpo y del esp\u00edritu, que se adquiere mediante la <em>formaci\u00f3n<\/em>, el estudio, el h\u00e1bito, etc., y que es una <em>propiedad interior<\/em> del esp\u00edritu, no ha de tratarse aqu\u00ed. Del <em>tr\u00e1nsito<\/em>, en cambio, de tal propiedad espiritual a la exterioridad, en la que cae bajo la determinaci\u00f3n de una propiedad jur\u00eddico-legal, solo ha de hablarse al tratar la <em>enajenaci\u00f3n<\/em>.\n\n[Manuscrito:] \u2014 ser\u00eda mejor incluir aqu\u00ed, como una especie de cosa exterior, que la <em>enajenaci\u00f3n<\/em> es el abandono de algo <em>ya exterior<\/em> que es mi propiedad, \u2014 y no todav\u00eda el mero <em>exteriorizarse<\/em>.<\/p>\n<\/blockquote>\n","protected":false},"excerpt":{"rendered":"<p>La persona tiene, en cuanto concepto inmediato y, por ello, tambi\u00e9n en cuanto esencialmente singular, una existencia natural, en parte en s\u00ed misma, en parte como una a la que se refiere en cuanto mundo exterior. \u2013 Aqu\u00ed, trat\u00e1ndose de la persona, que ella misma est\u00e1 todav\u00eda en su primera inmediatez, solo se habla de [&hellip;]<\/p>\n","protected":false},"author":1,"featured_media":0,"comment_status":"open","ping_status":"","sticky":false,"template":"","format":"standard","meta":{"footnotes":""},"categories":[],"tags":[50],"class_list":["post-901452","post","type-post","status-publish","format-standard","hentry","tag-concepto"],"_links":{"self":[{"href":"https:\/\/grundlinien.de\/es\/wp-json\/wp\/v2\/posts\/901452","targetHints":{"allow":["GET"]}}],"collection":[{"href":"https:\/\/grundlinien.de\/es\/wp-json\/wp\/v2\/posts"}],"about":[{"href":"https:\/\/grundlinien.de\/es\/wp-json\/wp\/v2\/types\/post"}],"author":[{"embeddable":true,"href":"https:\/\/grundlinien.de\/es\/wp-json\/wp\/v2\/users\/1"}],"replies":[{"embeddable":true,"href":"https:\/\/grundlinien.de\/es\/wp-json\/wp\/v2\/comments?post=901452"}],"version-history":[{"count":1,"href":"https:\/\/grundlinien.de\/es\/wp-json\/wp\/v2\/posts\/901452\/revisions"}],"predecessor-version":[{"id":901453,"href":"https:\/\/grundlinien.de\/es\/wp-json\/wp\/v2\/posts\/901452\/revisions\/901453"}],"wp:attachment":[{"href":"https:\/\/grundlinien.de\/es\/wp-json\/wp\/v2\/media?parent=901452"}],"wp:term":[{"taxonomy":"category","embeddable":true,"href":"https:\/\/grundlinien.de\/es\/wp-json\/wp\/v2\/categories?post=901452"},{"taxonomy":"post_tag","embeddable":true,"href":"https:\/\/grundlinien.de\/es\/wp-json\/wp\/v2\/tags?post=901452"}],"curies":[{"name":"wp","href":"https:\/\/api.w.org\/{rel}","templated":true}]}}