{"id":901456,"date":"2026-08-28T19:40:51","date_gmt":"2026-08-28T17:40:51","guid":{"rendered":"https:\/\/grundlinien.de\/?p=901456"},"modified":"2026-08-28T19:40:51","modified_gmt":"2026-08-28T17:40:51","slug":"45","status":"publish","type":"post","link":"https:\/\/grundlinien.de\/es\/45\/","title":{"rendered":"\u00a7 45"},"content":{"rendered":"\n<p class=\"wp-block-paragraph\">Que Yo tenga algo bajo mi poder exterior constituye la <em>posesi\u00f3n<\/em>, as\u00ed como el lado particular de que Yo haga algo m\u00edo por necesidad natural, impulso y arbitrio es el <em>inter\u00e9s particular<\/em> de la posesi\u00f3n. Pero el lado de que Yo, en cuanto voluntad libre, sea para m\u00ed objetivo en la posesi\u00f3n, y con ello reci\u00e9n sea voluntad <em>efectiva<\/em>, constituye lo verdadero y jur\u00eddico en ella, la determinaci\u00f3n de la <em>propiedad<\/em>.<\/p>\n\n\n\n<blockquote class=\"wp-block-quote is-layout-flow wp-block-quote-is-layout-flow\">\n<p class=\"wp-block-paragraph\">Tener propiedad aparece, con respecto a la necesidad \u2014en la medida en que esta se convierte en lo primero\u2014, como un <em>medio<\/em>; pero la posici\u00f3n verdadera es que, desde el punto de vista de la libertad, la propiedad, en cuanto primera <em>existencia<\/em> de esta, es un <em>fin esencial en s\u00ed<\/em>.<\/p>\n<\/blockquote>\n","protected":false},"excerpt":{"rendered":"<p>Que Yo tenga algo bajo mi poder exterior constituye la posesi\u00f3n, as\u00ed como el lado particular de que Yo haga algo m\u00edo por necesidad natural, impulso y arbitrio es el inter\u00e9s particular de la posesi\u00f3n. Pero el lado de que Yo, en cuanto voluntad libre, sea para m\u00ed objetivo en la posesi\u00f3n, y con ello [&hellip;]<\/p>\n","protected":false},"author":1,"featured_media":0,"comment_status":"open","ping_status":"","sticky":false,"template":"","format":"standard","meta":{"footnotes":""},"categories":[],"tags":[50],"class_list":["post-901456","post","type-post","status-publish","format-standard","hentry","tag-concepto"],"_links":{"self":[{"href":"https:\/\/grundlinien.de\/es\/wp-json\/wp\/v2\/posts\/901456","targetHints":{"allow":["GET"]}}],"collection":[{"href":"https:\/\/grundlinien.de\/es\/wp-json\/wp\/v2\/posts"}],"about":[{"href":"https:\/\/grundlinien.de\/es\/wp-json\/wp\/v2\/types\/post"}],"author":[{"embeddable":true,"href":"https:\/\/grundlinien.de\/es\/wp-json\/wp\/v2\/users\/1"}],"replies":[{"embeddable":true,"href":"https:\/\/grundlinien.de\/es\/wp-json\/wp\/v2\/comments?post=901456"}],"version-history":[{"count":1,"href":"https:\/\/grundlinien.de\/es\/wp-json\/wp\/v2\/posts\/901456\/revisions"}],"predecessor-version":[{"id":901457,"href":"https:\/\/grundlinien.de\/es\/wp-json\/wp\/v2\/posts\/901456\/revisions\/901457"}],"wp:attachment":[{"href":"https:\/\/grundlinien.de\/es\/wp-json\/wp\/v2\/media?parent=901456"}],"wp:term":[{"taxonomy":"category","embeddable":true,"href":"https:\/\/grundlinien.de\/es\/wp-json\/wp\/v2\/categories?post=901456"},{"taxonomy":"post_tag","embeddable":true,"href":"https:\/\/grundlinien.de\/es\/wp-json\/wp\/v2\/tags?post=901456"}],"curies":[{"name":"wp","href":"https:\/\/api.w.org\/{rel}","templated":true}]}}