{"id":901466,"date":"2026-08-28T20:20:00","date_gmt":"2026-08-28T18:20:00","guid":{"rendered":"https:\/\/grundlinien.de\/?p=901466"},"modified":"2026-08-28T20:20:00","modified_gmt":"2026-08-28T18:20:00","slug":"50","status":"publish","type":"post","link":"https:\/\/grundlinien.de\/es\/50\/","title":{"rendered":"\u00a7 50"},"content":{"rendered":"\n<p class=\"wp-block-paragraph\">Que la cosa pertenezca a aquel que, contingentemente, es el <em>primero<\/em> en el tiempo en tomarla en posesi\u00f3n, es, puesto que un segundo no puede tomar en posesi\u00f3n lo que ya es propiedad de otro, una determinaci\u00f3n <em>que se entiende por s\u00ed misma<\/em> y, por ello, <em>superflua<\/em>.<\/p>\n","protected":false},"excerpt":{"rendered":"<p>Que la cosa pertenezca a aquel que, contingentemente, es el primero en el tiempo en tomarla en posesi\u00f3n, es, puesto que un segundo no puede tomar en posesi\u00f3n lo que ya es propiedad de otro, una determinaci\u00f3n que se entiende por s\u00ed misma y, por ello, superflua.<\/p>\n","protected":false},"author":1,"featured_media":0,"comment_status":"open","ping_status":"","sticky":false,"template":"","format":"standard","meta":{"footnotes":""},"categories":[],"tags":[51],"class_list":["post-901466","post","type-post","status-publish","format-standard","hentry","tag-realizacion"],"_links":{"self":[{"href":"https:\/\/grundlinien.de\/es\/wp-json\/wp\/v2\/posts\/901466","targetHints":{"allow":["GET"]}}],"collection":[{"href":"https:\/\/grundlinien.de\/es\/wp-json\/wp\/v2\/posts"}],"about":[{"href":"https:\/\/grundlinien.de\/es\/wp-json\/wp\/v2\/types\/post"}],"author":[{"embeddable":true,"href":"https:\/\/grundlinien.de\/es\/wp-json\/wp\/v2\/users\/1"}],"replies":[{"embeddable":true,"href":"https:\/\/grundlinien.de\/es\/wp-json\/wp\/v2\/comments?post=901466"}],"version-history":[{"count":1,"href":"https:\/\/grundlinien.de\/es\/wp-json\/wp\/v2\/posts\/901466\/revisions"}],"predecessor-version":[{"id":901467,"href":"https:\/\/grundlinien.de\/es\/wp-json\/wp\/v2\/posts\/901466\/revisions\/901467"}],"wp:attachment":[{"href":"https:\/\/grundlinien.de\/es\/wp-json\/wp\/v2\/media?parent=901466"}],"wp:term":[{"taxonomy":"category","embeddable":true,"href":"https:\/\/grundlinien.de\/es\/wp-json\/wp\/v2\/categories?post=901466"},{"taxonomy":"post_tag","embeddable":true,"href":"https:\/\/grundlinien.de\/es\/wp-json\/wp\/v2\/tags?post=901466"}],"curies":[{"name":"wp","href":"https:\/\/api.w.org\/{rel}","templated":true}]}}