{"id":901474,"date":"2026-08-28T20:29:00","date_gmt":"2026-08-28T18:29:00","guid":{"rendered":"https:\/\/grundlinien.de\/?p=901474"},"modified":"2026-08-28T20:29:00","modified_gmt":"2026-08-28T18:29:00","slug":"54","status":"publish","type":"post","link":"https:\/\/grundlinien.de\/es\/54\/","title":{"rendered":"\u00a7 54"},"content":{"rendered":"\n<p class=\"wp-block-paragraph\"><strong>A. Toma de posesi\u00f3n<\/strong><\/p>\n\n\n\n<p class=\"wp-block-paragraph\">La toma de posesi\u00f3n es, en parte, la <em>aprehensi\u00f3n corporal<\/em> inmediata; en parte, la <em>formaci\u00f3n<\/em>; en parte, la mera <em>designaci\u00f3n<\/em>.<\/p>\n","protected":false},"excerpt":{"rendered":"<p>A. Toma de posesi\u00f3n La toma de posesi\u00f3n es, en parte, la aprehensi\u00f3n corporal inmediata; en parte, la formaci\u00f3n; en parte, la mera designaci\u00f3n.<\/p>\n","protected":false},"author":1,"featured_media":0,"comment_status":"open","ping_status":"","sticky":false,"template":"","format":"standard","meta":{"footnotes":""},"categories":[],"tags":[51],"class_list":["post-901474","post","type-post","status-publish","format-standard","hentry","tag-realizacion"],"_links":{"self":[{"href":"https:\/\/grundlinien.de\/es\/wp-json\/wp\/v2\/posts\/901474","targetHints":{"allow":["GET"]}}],"collection":[{"href":"https:\/\/grundlinien.de\/es\/wp-json\/wp\/v2\/posts"}],"about":[{"href":"https:\/\/grundlinien.de\/es\/wp-json\/wp\/v2\/types\/post"}],"author":[{"embeddable":true,"href":"https:\/\/grundlinien.de\/es\/wp-json\/wp\/v2\/users\/1"}],"replies":[{"embeddable":true,"href":"https:\/\/grundlinien.de\/es\/wp-json\/wp\/v2\/comments?post=901474"}],"version-history":[{"count":1,"href":"https:\/\/grundlinien.de\/es\/wp-json\/wp\/v2\/posts\/901474\/revisions"}],"predecessor-version":[{"id":901475,"href":"https:\/\/grundlinien.de\/es\/wp-json\/wp\/v2\/posts\/901474\/revisions\/901475"}],"wp:attachment":[{"href":"https:\/\/grundlinien.de\/es\/wp-json\/wp\/v2\/media?parent=901474"}],"wp:term":[{"taxonomy":"category","embeddable":true,"href":"https:\/\/grundlinien.de\/es\/wp-json\/wp\/v2\/categories?post=901474"},{"taxonomy":"post_tag","embeddable":true,"href":"https:\/\/grundlinien.de\/es\/wp-json\/wp\/v2\/tags?post=901474"}],"curies":[{"name":"wp","href":"https:\/\/api.w.org\/{rel}","templated":true}]}}