{"id":901478,"date":"2026-08-28T20:33:28","date_gmt":"2026-08-28T18:33:28","guid":{"rendered":"https:\/\/grundlinien.de\/?p=901478"},"modified":"2026-08-28T20:33:28","modified_gmt":"2026-08-28T18:33:28","slug":"56","status":"publish","type":"post","link":"https:\/\/grundlinien.de\/es\/56\/","title":{"rendered":"\u00a7 56"},"content":{"rendered":"\n<p class=\"wp-block-paragraph\">\u03b2) Mediante la <em>formaci\u00f3n<\/em>, la determinaci\u00f3n de que algo es <em>lo m\u00edo<\/em> recibe una exterioridad que subsiste <em>por s\u00ed misma<\/em>, y deja de estar limitada a mi presencia en <em>este<\/em> espacio y en <em>este<\/em> tiempo, y a la presencia de mi saber y mi querer.<\/p>\n\n\n\n<blockquote class=\"wp-block-quote is-layout-flow wp-block-quote-is-layout-flow\">\n<p class=\"wp-block-paragraph\">La formaci\u00f3n es, en esta medida, la toma de posesi\u00f3n m\u00e1s adecuada a la Idea, porque une en s\u00ed lo subjetivo y lo objetivo, siendo por lo dem\u00e1s infinitamente diversa seg\u00fan la naturaleza cualitativa de los objetos y seg\u00fan la diversidad de los fines subjetivos. \u2013 Pertenece tambi\u00e9n aqu\u00ed la formaci\u00f3n de lo <em>org\u00e1nico<\/em>, en lo cual lo que Yo hago sobre ello no permanece como algo exterior, sino que es <em>asimilado<\/em>: el laboreo de la tierra, el cultivo de las plantas, la domesticaci\u00f3n, la alimentaci\u00f3n y el cuidado de los animales; adem\u00e1s, las disposiciones mediadoras para el aprovechamiento de materias o fuerzas elementales, la acci\u00f3n provocada de una materia sobre otra, etc.<\/p>\n<\/blockquote>\n","protected":false},"excerpt":{"rendered":"<p>\u03b2) Mediante la formaci\u00f3n, la determinaci\u00f3n de que algo es lo m\u00edo recibe una exterioridad que subsiste por s\u00ed misma, y deja de estar limitada a mi presencia en este espacio y en este tiempo, y a la presencia de mi saber y mi querer. La formaci\u00f3n es, en esta medida, la toma de posesi\u00f3n [&hellip;]<\/p>\n","protected":false},"author":1,"featured_media":0,"comment_status":"open","ping_status":"","sticky":false,"template":"","format":"standard","meta":{"footnotes":""},"categories":[],"tags":[51],"class_list":["post-901478","post","type-post","status-publish","format-standard","hentry","tag-realizacion"],"_links":{"self":[{"href":"https:\/\/grundlinien.de\/es\/wp-json\/wp\/v2\/posts\/901478","targetHints":{"allow":["GET"]}}],"collection":[{"href":"https:\/\/grundlinien.de\/es\/wp-json\/wp\/v2\/posts"}],"about":[{"href":"https:\/\/grundlinien.de\/es\/wp-json\/wp\/v2\/types\/post"}],"author":[{"embeddable":true,"href":"https:\/\/grundlinien.de\/es\/wp-json\/wp\/v2\/users\/1"}],"replies":[{"embeddable":true,"href":"https:\/\/grundlinien.de\/es\/wp-json\/wp\/v2\/comments?post=901478"}],"version-history":[{"count":1,"href":"https:\/\/grundlinien.de\/es\/wp-json\/wp\/v2\/posts\/901478\/revisions"}],"predecessor-version":[{"id":901479,"href":"https:\/\/grundlinien.de\/es\/wp-json\/wp\/v2\/posts\/901478\/revisions\/901479"}],"wp:attachment":[{"href":"https:\/\/grundlinien.de\/es\/wp-json\/wp\/v2\/media?parent=901478"}],"wp:term":[{"taxonomy":"category","embeddable":true,"href":"https:\/\/grundlinien.de\/es\/wp-json\/wp\/v2\/categories?post=901478"},{"taxonomy":"post_tag","embeddable":true,"href":"https:\/\/grundlinien.de\/es\/wp-json\/wp\/v2\/tags?post=901478"}],"curies":[{"name":"wp","href":"https:\/\/api.w.org\/{rel}","templated":true}]}}