{"id":901480,"date":"2026-08-28T20:34:54","date_gmt":"2026-08-28T18:34:54","guid":{"rendered":"https:\/\/grundlinien.de\/?p=901480"},"modified":"2026-08-28T20:34:54","modified_gmt":"2026-08-28T18:34:54","slug":"58","status":"publish","type":"post","link":"https:\/\/grundlinien.de\/es\/58\/","title":{"rendered":"\u00a7 58"},"content":{"rendered":"\n<p class=\"wp-block-paragraph\">\u03b3) La toma de posesi\u00f3n que no es efectiva por s\u00ed misma, sino que solo <em>representa<\/em> mi voluntad, es una <em>se\u00f1al<\/em> puesta en la cosa, cuyo significado debe ser que Yo he puesto en ella mi voluntad. Esta toma de posesi\u00f3n es, seg\u00fan su extensi\u00f3n objetiva y su significado, muy indeterminada.<\/p>\n","protected":false},"excerpt":{"rendered":"<p>\u03b3) La toma de posesi\u00f3n que no es efectiva por s\u00ed misma, sino que solo representa mi voluntad, es una se\u00f1al puesta en la cosa, cuyo significado debe ser que Yo he puesto en ella mi voluntad. Esta toma de posesi\u00f3n es, seg\u00fan su extensi\u00f3n objetiva y su significado, muy indeterminada.<\/p>\n","protected":false},"author":1,"featured_media":0,"comment_status":"open","ping_status":"","sticky":false,"template":"","format":"standard","meta":{"footnotes":""},"categories":[],"tags":[51],"class_list":["post-901480","post","type-post","status-publish","format-standard","hentry","tag-realizacion"],"_links":{"self":[{"href":"https:\/\/grundlinien.de\/es\/wp-json\/wp\/v2\/posts\/901480","targetHints":{"allow":["GET"]}}],"collection":[{"href":"https:\/\/grundlinien.de\/es\/wp-json\/wp\/v2\/posts"}],"about":[{"href":"https:\/\/grundlinien.de\/es\/wp-json\/wp\/v2\/types\/post"}],"author":[{"embeddable":true,"href":"https:\/\/grundlinien.de\/es\/wp-json\/wp\/v2\/users\/1"}],"replies":[{"embeddable":true,"href":"https:\/\/grundlinien.de\/es\/wp-json\/wp\/v2\/comments?post=901480"}],"version-history":[{"count":1,"href":"https:\/\/grundlinien.de\/es\/wp-json\/wp\/v2\/posts\/901480\/revisions"}],"predecessor-version":[{"id":901481,"href":"https:\/\/grundlinien.de\/es\/wp-json\/wp\/v2\/posts\/901480\/revisions\/901481"}],"wp:attachment":[{"href":"https:\/\/grundlinien.de\/es\/wp-json\/wp\/v2\/media?parent=901480"}],"wp:term":[{"taxonomy":"category","embeddable":true,"href":"https:\/\/grundlinien.de\/es\/wp-json\/wp\/v2\/categories?post=901480"},{"taxonomy":"post_tag","embeddable":true,"href":"https:\/\/grundlinien.de\/es\/wp-json\/wp\/v2\/tags?post=901480"}],"curies":[{"name":"wp","href":"https:\/\/api.w.org\/{rel}","templated":true}]}}