{"id":901482,"date":"2026-08-28T20:36:27","date_gmt":"2026-08-28T18:36:27","guid":{"rendered":"https:\/\/grundlinien.de\/?p=901482"},"modified":"2026-08-28T20:36:27","modified_gmt":"2026-08-28T18:36:27","slug":"59","status":"publish","type":"post","link":"https:\/\/grundlinien.de\/es\/59\/","title":{"rendered":"\u00a7 59"},"content":{"rendered":"\n<p class=\"wp-block-paragraph\"><strong>B. El uso de la cosa<\/strong><\/p>\n\n\n\n<p class=\"wp-block-paragraph\">Mediante la toma de posesi\u00f3n, la cosa recibe el predicado de ser <em>la m\u00eda<\/em>, y la voluntad tiene con ella una relaci\u00f3n <em>positiva<\/em>. En esta identidad, la cosa est\u00e1 puesta igualmente como algo <em>negativo<\/em>, y mi voluntad, en esta determinaci\u00f3n, es <em>particular<\/em>: necesidad, capricho, etc. Pero mi necesidad, en cuanto particularidad de una voluntad, es lo <em>positivo<\/em> que se satisface, y la cosa, en cuanto lo <em>negativo en s\u00ed<\/em>, es solo <em>para<\/em> aquella y le <em>sirve<\/em>. \u2013 El <em>uso<\/em> es esta realizaci\u00f3n de mi necesidad mediante la alteraci\u00f3n, la destrucci\u00f3n, el consumo de la cosa, cuya naturaleza carente de s\u00ed misma queda as\u00ed revelada, y que de este modo cumple su determinaci\u00f3n.<\/p>\n\n\n\n<blockquote class=\"wp-block-quote is-layout-flow wp-block-quote-is-layout-flow\">\n<p class=\"wp-block-paragraph\">Que el uso es el lado <em>real<\/em> y la efectividad de la propiedad es lo que tiene presente la representaci\u00f3n cuando considera muerta y sin due\u00f1o una propiedad de la que no se hace uso, y cuando, en caso de apropiaci\u00f3n indebida de la misma, aduce como raz\u00f3n que el propietario no la ha usado. \u2013 Pero la voluntad del propietario, seg\u00fan la cual una cosa es <em>suya<\/em>, es el primer fundamento sustancial, del cual la determinaci\u00f3n ulterior, el uso, es solo la manifestaci\u00f3n y el modo particular, que queda subordinado a aquel fundamento general.<\/p>\n<\/blockquote>\n","protected":false},"excerpt":{"rendered":"<p>B. El uso de la cosa Mediante la toma de posesi\u00f3n, la cosa recibe el predicado de ser la m\u00eda, y la voluntad tiene con ella una relaci\u00f3n positiva. En esta identidad, la cosa est\u00e1 puesta igualmente como algo negativo, y mi voluntad, en esta determinaci\u00f3n, es particular: necesidad, capricho, etc. Pero mi necesidad, en [&hellip;]<\/p>\n","protected":false},"author":1,"featured_media":0,"comment_status":"open","ping_status":"","sticky":false,"template":"","format":"standard","meta":{"footnotes":""},"categories":[],"tags":[51],"class_list":["post-901482","post","type-post","status-publish","format-standard","hentry","tag-realizacion"],"_links":{"self":[{"href":"https:\/\/grundlinien.de\/es\/wp-json\/wp\/v2\/posts\/901482","targetHints":{"allow":["GET"]}}],"collection":[{"href":"https:\/\/grundlinien.de\/es\/wp-json\/wp\/v2\/posts"}],"about":[{"href":"https:\/\/grundlinien.de\/es\/wp-json\/wp\/v2\/types\/post"}],"author":[{"embeddable":true,"href":"https:\/\/grundlinien.de\/es\/wp-json\/wp\/v2\/users\/1"}],"replies":[{"embeddable":true,"href":"https:\/\/grundlinien.de\/es\/wp-json\/wp\/v2\/comments?post=901482"}],"version-history":[{"count":1,"href":"https:\/\/grundlinien.de\/es\/wp-json\/wp\/v2\/posts\/901482\/revisions"}],"predecessor-version":[{"id":901483,"href":"https:\/\/grundlinien.de\/es\/wp-json\/wp\/v2\/posts\/901482\/revisions\/901483"}],"wp:attachment":[{"href":"https:\/\/grundlinien.de\/es\/wp-json\/wp\/v2\/media?parent=901482"}],"wp:term":[{"taxonomy":"category","embeddable":true,"href":"https:\/\/grundlinien.de\/es\/wp-json\/wp\/v2\/categories?post=901482"},{"taxonomy":"post_tag","embeddable":true,"href":"https:\/\/grundlinien.de\/es\/wp-json\/wp\/v2\/tags?post=901482"}],"curies":[{"name":"wp","href":"https:\/\/api.w.org\/{rel}","templated":true}]}}