{"id":901484,"date":"2026-08-28T20:38:52","date_gmt":"2026-08-28T18:38:52","guid":{"rendered":"https:\/\/grundlinien.de\/?p=901484"},"modified":"2026-08-28T20:38:52","modified_gmt":"2026-08-28T18:38:52","slug":"60","status":"publish","type":"post","link":"https:\/\/grundlinien.de\/es\/60\/","title":{"rendered":"\u00a7 60"},"content":{"rendered":"\n<p class=\"wp-block-paragraph\">El <em>aprovechamiento<\/em> de una cosa mediante aprehensi\u00f3n inmediata es, por s\u00ed mismo, una toma de posesi\u00f3n <em>singular<\/em>. Pero en la medida en que el aprovechamiento se funda en una necesidad <em>duradera<\/em> y consiste en el uso repetido de un producto que se renueva, y se limita incluso, en su caso, en atenci\u00f3n a la conservaci\u00f3n de esa renovaci\u00f3n, estas y otras circunstancias hacen de aquella aprehensi\u00f3n inmediata y singular una <em>se\u00f1al<\/em> de que debe tener el significado de una toma de posesi\u00f3n <em>general<\/em>, y con ello, de la toma de posesi\u00f3n del fundamento elemental u org\u00e1nico, o de las dem\u00e1s condiciones de tales productos.<\/p>\n","protected":false},"excerpt":{"rendered":"<p>El aprovechamiento de una cosa mediante aprehensi\u00f3n inmediata es, por s\u00ed mismo, una toma de posesi\u00f3n singular. Pero en la medida en que el aprovechamiento se funda en una necesidad duradera y consiste en el uso repetido de un producto que se renueva, y se limita incluso, en su caso, en atenci\u00f3n a la conservaci\u00f3n [&hellip;]<\/p>\n","protected":false},"author":1,"featured_media":0,"comment_status":"open","ping_status":"","sticky":false,"template":"","format":"standard","meta":{"footnotes":""},"categories":[],"tags":[51],"class_list":["post-901484","post","type-post","status-publish","format-standard","hentry","tag-realizacion"],"_links":{"self":[{"href":"https:\/\/grundlinien.de\/es\/wp-json\/wp\/v2\/posts\/901484","targetHints":{"allow":["GET"]}}],"collection":[{"href":"https:\/\/grundlinien.de\/es\/wp-json\/wp\/v2\/posts"}],"about":[{"href":"https:\/\/grundlinien.de\/es\/wp-json\/wp\/v2\/types\/post"}],"author":[{"embeddable":true,"href":"https:\/\/grundlinien.de\/es\/wp-json\/wp\/v2\/users\/1"}],"replies":[{"embeddable":true,"href":"https:\/\/grundlinien.de\/es\/wp-json\/wp\/v2\/comments?post=901484"}],"version-history":[{"count":1,"href":"https:\/\/grundlinien.de\/es\/wp-json\/wp\/v2\/posts\/901484\/revisions"}],"predecessor-version":[{"id":901485,"href":"https:\/\/grundlinien.de\/es\/wp-json\/wp\/v2\/posts\/901484\/revisions\/901485"}],"wp:attachment":[{"href":"https:\/\/grundlinien.de\/es\/wp-json\/wp\/v2\/media?parent=901484"}],"wp:term":[{"taxonomy":"category","embeddable":true,"href":"https:\/\/grundlinien.de\/es\/wp-json\/wp\/v2\/categories?post=901484"},{"taxonomy":"post_tag","embeddable":true,"href":"https:\/\/grundlinien.de\/es\/wp-json\/wp\/v2\/tags?post=901484"}],"curies":[{"name":"wp","href":"https:\/\/api.w.org\/{rel}","templated":true}]}}