{"id":901488,"date":"2026-08-28T20:42:01","date_gmt":"2026-08-28T18:42:01","guid":{"rendered":"https:\/\/grundlinien.de\/?p=901488"},"modified":"2026-08-28T20:42:01","modified_gmt":"2026-08-28T18:42:01","slug":"63","status":"publish","type":"post","link":"https:\/\/grundlinien.de\/es\/63\/","title":{"rendered":"\u00a7 63"},"content":{"rendered":"\n<p class=\"wp-block-paragraph\">La cosa en el uso es una cosa <em>singular<\/em>, determinada seg\u00fan cualidad y cantidad, y en relaci\u00f3n con una necesidad <em>espec\u00edfica<\/em>. Pero su utilidad espec\u00edfica es, a la vez, en cuanto determinada <em>cuantitativamente<\/em>, <em>comparable<\/em> con otras cosas de la misma utilidad, as\u00ed como la necesidad espec\u00edfica a la que sirve es, a la vez, necesidad <em>en general<\/em> y, en esta medida, seg\u00fan su particularidad, igualmente comparable con otras necesidades, y seg\u00fan ello tambi\u00e9n la cosa con aquellas que son \u00fatiles para otras necesidades. Esta <em>universalidad<\/em> suya, cuya determinidad simple surge de la particularidad de la cosa, de modo que a la vez se hace abstracci\u00f3n de esta cualidad espec\u00edfica, es el <em>valor<\/em> de la cosa, en el cual su verdadera sustancialidad queda <em>determinada<\/em> y es objeto de la conciencia. Como propietario pleno de la cosa, lo soy tanto de su <em>valor<\/em> como de su uso.<\/p>\n\n\n\n<blockquote class=\"wp-block-quote is-layout-flow wp-block-quote-is-layout-flow\">\n<p class=\"wp-block-paragraph\">El vasallo feudal tiene en su propiedad la particularidad de que debe ser solo propietario del <em>uso<\/em>, no del <em>valor<\/em> de la cosa.<\/p>\n<\/blockquote>\n","protected":false},"excerpt":{"rendered":"<p>La cosa en el uso es una cosa singular, determinada seg\u00fan cualidad y cantidad, y en relaci\u00f3n con una necesidad espec\u00edfica. Pero su utilidad espec\u00edfica es, a la vez, en cuanto determinada cuantitativamente, comparable con otras cosas de la misma utilidad, as\u00ed como la necesidad espec\u00edfica a la que sirve es, a la vez, necesidad [&hellip;]<\/p>\n","protected":false},"author":1,"featured_media":0,"comment_status":"open","ping_status":"","sticky":false,"template":"","format":"standard","meta":{"footnotes":""},"categories":[],"tags":[51],"class_list":["post-901488","post","type-post","status-publish","format-standard","hentry","tag-realizacion"],"_links":{"self":[{"href":"https:\/\/grundlinien.de\/es\/wp-json\/wp\/v2\/posts\/901488","targetHints":{"allow":["GET"]}}],"collection":[{"href":"https:\/\/grundlinien.de\/es\/wp-json\/wp\/v2\/posts"}],"about":[{"href":"https:\/\/grundlinien.de\/es\/wp-json\/wp\/v2\/types\/post"}],"author":[{"embeddable":true,"href":"https:\/\/grundlinien.de\/es\/wp-json\/wp\/v2\/users\/1"}],"replies":[{"embeddable":true,"href":"https:\/\/grundlinien.de\/es\/wp-json\/wp\/v2\/comments?post=901488"}],"version-history":[{"count":1,"href":"https:\/\/grundlinien.de\/es\/wp-json\/wp\/v2\/posts\/901488\/revisions"}],"predecessor-version":[{"id":901489,"href":"https:\/\/grundlinien.de\/es\/wp-json\/wp\/v2\/posts\/901488\/revisions\/901489"}],"wp:attachment":[{"href":"https:\/\/grundlinien.de\/es\/wp-json\/wp\/v2\/media?parent=901488"}],"wp:term":[{"taxonomy":"category","embeddable":true,"href":"https:\/\/grundlinien.de\/es\/wp-json\/wp\/v2\/categories?post=901488"},{"taxonomy":"post_tag","embeddable":true,"href":"https:\/\/grundlinien.de\/es\/wp-json\/wp\/v2\/tags?post=901488"}],"curies":[{"name":"wp","href":"https:\/\/api.w.org\/{rel}","templated":true}]}}