{"id":901496,"date":"2026-08-28T20:48:52","date_gmt":"2026-08-28T18:48:52","guid":{"rendered":"https:\/\/grundlinien.de\/?p=901496"},"modified":"2026-08-28T20:48:52","modified_gmt":"2026-08-28T18:48:52","slug":"70","status":"publish","type":"post","link":"https:\/\/grundlinien.de\/es\/70\/","title":{"rendered":"\u00a7 70"},"content":{"rendered":"\n<p class=\"wp-block-paragraph\">La totalidad <em>abarcadora<\/em> de la actividad exterior, <em>la vida<\/em>, no es, frente a la personalidad \u2014la cual es ella misma esto e <em>inmediatamente<\/em>\u2014, algo exterior. La enajenaci\u00f3n o el sacrificio de esta es m\u00e1s bien lo <em>contrario<\/em> de la existencia de <em>esta<\/em> personalidad. Por eso Yo no tengo, en general, ning\u00fan <em>derecho<\/em> a tal enajenaci\u00f3n, y solo una <em>idea \u00e9tica<\/em> \u2014en la cual esta personalidad inmediatamente singular se ha hundido <em>en s\u00ed<\/em> y de la cual esa idea es el poder <em>efectivo<\/em>\u2014 tiene derecho a ella, de modo que, as\u00ed como la vida como tal es <em>inmediata<\/em>, tambi\u00e9n la muerte es la negatividad <em>inmediata<\/em> de esta, y por eso ha de recibirse desde fuera, como algo natural, o, al servicio de la Idea, de mano ajena.<\/p>\n","protected":false},"excerpt":{"rendered":"<p>La totalidad abarcadora de la actividad exterior, la vida, no es, frente a la personalidad \u2014la cual es ella misma esto e inmediatamente\u2014, algo exterior. La enajenaci\u00f3n o el sacrificio de esta es m\u00e1s bien lo contrario de la existencia de esta personalidad. Por eso Yo no tengo, en general, ning\u00fan derecho a tal enajenaci\u00f3n, [&hellip;]<\/p>\n","protected":false},"author":1,"featured_media":0,"comment_status":"open","ping_status":"","sticky":false,"template":"","format":"standard","meta":{"footnotes":""},"categories":[],"tags":[51],"class_list":["post-901496","post","type-post","status-publish","format-standard","hentry","tag-realizacion"],"_links":{"self":[{"href":"https:\/\/grundlinien.de\/es\/wp-json\/wp\/v2\/posts\/901496","targetHints":{"allow":["GET"]}}],"collection":[{"href":"https:\/\/grundlinien.de\/es\/wp-json\/wp\/v2\/posts"}],"about":[{"href":"https:\/\/grundlinien.de\/es\/wp-json\/wp\/v2\/types\/post"}],"author":[{"embeddable":true,"href":"https:\/\/grundlinien.de\/es\/wp-json\/wp\/v2\/users\/1"}],"replies":[{"embeddable":true,"href":"https:\/\/grundlinien.de\/es\/wp-json\/wp\/v2\/comments?post=901496"}],"version-history":[{"count":1,"href":"https:\/\/grundlinien.de\/es\/wp-json\/wp\/v2\/posts\/901496\/revisions"}],"predecessor-version":[{"id":901497,"href":"https:\/\/grundlinien.de\/es\/wp-json\/wp\/v2\/posts\/901496\/revisions\/901497"}],"wp:attachment":[{"href":"https:\/\/grundlinien.de\/es\/wp-json\/wp\/v2\/media?parent=901496"}],"wp:term":[{"taxonomy":"category","embeddable":true,"href":"https:\/\/grundlinien.de\/es\/wp-json\/wp\/v2\/categories?post=901496"},{"taxonomy":"post_tag","embeddable":true,"href":"https:\/\/grundlinien.de\/es\/wp-json\/wp\/v2\/tags?post=901496"}],"curies":[{"name":"wp","href":"https:\/\/api.w.org\/{rel}","templated":true}]}}