{"id":901498,"date":"2026-08-28T20:58:32","date_gmt":"2026-08-28T18:58:32","guid":{"rendered":"https:\/\/grundlinien.de\/?p=901498"},"modified":"2026-08-29T20:01:55","modified_gmt":"2026-08-29T18:01:55","slug":"71","status":"publish","type":"post","link":"https:\/\/grundlinien.de\/es\/71\/","title":{"rendered":"\u00a7 71"},"content":{"rendered":"\n<p class=\"wp-block-paragraph\"><strong>Transici\u00f3n de la propiedad al contrato<\/strong><\/p>\n\n\n\n<p class=\"wp-block-paragraph\">La existencia es, en cuanto ser determinado, esencialmente <em>ser-para-otro<\/em> (v\u00e9ase m\u00e1s arriba la Observaci\u00f3n al <a href=\"https:\/\/grundlinien.de\/es\/48\/\">\u00a7 48<\/a>); la propiedad, seg\u00fan el lado en que es una existencia como cosa exterior, es para otras exterioridades, y est\u00e1 en el nexo de esta necesidad y contingencia. Pero, en cuanto existencia de la <em>voluntad<\/em>, ella es, como <em>para-otro<\/em>, solo <em>para la voluntad de otra persona<\/em>. Esta relaci\u00f3n de voluntad a voluntad es el terreno peculiar y verdadero en el cual la libertad tiene <em>existencia<\/em>. Esta mediaci\u00f3n \u2014tener propiedad ya no solo por medio de una cosa y de mi voluntad subjetiva, sino igualmente por medio de una voluntad <em>ajena<\/em> y, con ello, en una <em>voluntad com\u00fan<\/em>\u2014 constituye la esfera del <em>contrato<\/em>.<\/p>\n\n\n\n<blockquote class=\"wp-block-quote is-layout-flow wp-block-quote-is-layout-flow\">\n<p class=\"wp-block-paragraph\">Es igualmente necesario, por la raz\u00f3n, que los seres humanos entren en relaciones contractuales \u2014donar, intercambiar, comerciar, etc.\u2014 como que posean propiedad (<a href=\"https:\/\/grundlinien.de\/es\/45\/\">\u00a7 45<\/a>, Observaci\u00f3n). Si para su conciencia es la necesidad en general, la benevolencia, la utilidad, etc., lo que los lleva a los contratos, en s\u00ed es la <em>raz\u00f3n<\/em>, a saber, la Idea de la existencia <em>real<\/em> (es decir, existente solo en la voluntad) de la personalidad libre. El contrato presupone que quienes entran en \u00e9l se <em>reconocen<\/em> mutuamente como personas y propietarios; puesto que es una relaci\u00f3n del esp\u00edritu objetivo, el momento del <em>reconocimiento<\/em> ya est\u00e1 contenido y presupuesto en \u00e9l (cf. <a href=\"https:\/\/grundlinien.de\/es\/35\/\">\u00a7 35<\/a>; <a href=\"https:\/\/grundlinien.de\/es\/57\/\">\u00a7 57<\/a>, Observaci\u00f3n).<\/p>\n<\/blockquote>\n","protected":false},"excerpt":{"rendered":"<p>Transici\u00f3n de la propiedad al contrato La existencia es, en cuanto ser determinado, esencialmente ser-para-otro (v\u00e9ase m\u00e1s arriba la Observaci\u00f3n al \u00a7 48); la propiedad, seg\u00fan el lado en que es una existencia como cosa exterior, es para otras exterioridades, y est\u00e1 en el nexo de esta necesidad y contingencia. Pero, en cuanto existencia de [&hellip;]<\/p>\n","protected":false},"author":1,"featured_media":0,"comment_status":"open","ping_status":"","sticky":false,"template":"","format":"standard","meta":{"footnotes":""},"categories":[],"tags":[52],"class_list":["post-901498","post","type-post","status-publish","format-standard","hentry","tag-transicion"],"_links":{"self":[{"href":"https:\/\/grundlinien.de\/es\/wp-json\/wp\/v2\/posts\/901498","targetHints":{"allow":["GET"]}}],"collection":[{"href":"https:\/\/grundlinien.de\/es\/wp-json\/wp\/v2\/posts"}],"about":[{"href":"https:\/\/grundlinien.de\/es\/wp-json\/wp\/v2\/types\/post"}],"author":[{"embeddable":true,"href":"https:\/\/grundlinien.de\/es\/wp-json\/wp\/v2\/users\/1"}],"replies":[{"embeddable":true,"href":"https:\/\/grundlinien.de\/es\/wp-json\/wp\/v2\/comments?post=901498"}],"version-history":[{"count":2,"href":"https:\/\/grundlinien.de\/es\/wp-json\/wp\/v2\/posts\/901498\/revisions"}],"predecessor-version":[{"id":902125,"href":"https:\/\/grundlinien.de\/es\/wp-json\/wp\/v2\/posts\/901498\/revisions\/902125"}],"wp:attachment":[{"href":"https:\/\/grundlinien.de\/es\/wp-json\/wp\/v2\/media?parent=901498"}],"wp:term":[{"taxonomy":"category","embeddable":true,"href":"https:\/\/grundlinien.de\/es\/wp-json\/wp\/v2\/categories?post=901498"},{"taxonomy":"post_tag","embeddable":true,"href":"https:\/\/grundlinien.de\/es\/wp-json\/wp\/v2\/tags?post=901498"}],"curies":[{"name":"wp","href":"https:\/\/api.w.org\/{rel}","templated":true}]}}