{"id":901514,"date":"2026-08-28T21:12:55","date_gmt":"2026-08-28T19:12:55","guid":{"rendered":"https:\/\/grundlinien.de\/?p=901514"},"modified":"2026-08-28T21:12:55","modified_gmt":"2026-08-28T19:12:55","slug":"82","status":"publish","type":"post","link":"https:\/\/grundlinien.de\/es\/82\/","title":{"rendered":"\u00a7 82"},"content":{"rendered":"\n<p class=\"wp-block-paragraph\"><strong>Tercera Secci\u00f3n. El entuerto<\/strong><\/p>\n\n\n\n<p class=\"wp-block-paragraph\">En el contrato, el derecho <em>en s\u00ed<\/em> es como algo <em>puesto<\/em>, su universalidad interior como algo <em>com\u00fan<\/em> del arbitrio y de la voluntad particular. Esta <em>aparici\u00f3n<\/em> del derecho, en la cual este y su existencia esencial, la voluntad particular, coinciden <em>inmediatamente<\/em>, es decir, <em>contingentemente<\/em>, avanza en el <em>entuerto<\/em> hacia la <em>apariencia<\/em> \u2014 hacia la contraposici\u00f3n entre el derecho en s\u00ed y la voluntad particular, en la cual aquel se convierte en un <em>derecho particular<\/em>. Pero la verdad de esta apariencia es que ella es <em>nula<\/em>, y que el derecho, mediante la negaci\u00f3n de esta su negaci\u00f3n, se restablece, por medio de cuyo proceso de mediaci\u00f3n \u2014el de retornar a s\u00ed desde su negaci\u00f3n\u2014 se determina como algo <em>efectivo<\/em> y <em>v\u00e1lido<\/em>, ya que al principio era solo algo <em>en s\u00ed<\/em> e <em>inmediato<\/em>.<\/p>\n","protected":false},"excerpt":{"rendered":"<p>Tercera Secci\u00f3n. El entuerto En el contrato, el derecho en s\u00ed es como algo puesto, su universalidad interior como algo com\u00fan del arbitrio y de la voluntad particular. Esta aparici\u00f3n del derecho, en la cual este y su existencia esencial, la voluntad particular, coinciden inmediatamente, es decir, contingentemente, avanza en el entuerto hacia la apariencia [&hellip;]<\/p>\n","protected":false},"author":1,"featured_media":0,"comment_status":"open","ping_status":"","sticky":false,"template":"","format":"standard","meta":{"footnotes":""},"categories":[],"tags":[50],"class_list":["post-901514","post","type-post","status-publish","format-standard","hentry","tag-concepto"],"_links":{"self":[{"href":"https:\/\/grundlinien.de\/es\/wp-json\/wp\/v2\/posts\/901514","targetHints":{"allow":["GET"]}}],"collection":[{"href":"https:\/\/grundlinien.de\/es\/wp-json\/wp\/v2\/posts"}],"about":[{"href":"https:\/\/grundlinien.de\/es\/wp-json\/wp\/v2\/types\/post"}],"author":[{"embeddable":true,"href":"https:\/\/grundlinien.de\/es\/wp-json\/wp\/v2\/users\/1"}],"replies":[{"embeddable":true,"href":"https:\/\/grundlinien.de\/es\/wp-json\/wp\/v2\/comments?post=901514"}],"version-history":[{"count":1,"href":"https:\/\/grundlinien.de\/es\/wp-json\/wp\/v2\/posts\/901514\/revisions"}],"predecessor-version":[{"id":901515,"href":"https:\/\/grundlinien.de\/es\/wp-json\/wp\/v2\/posts\/901514\/revisions\/901515"}],"wp:attachment":[{"href":"https:\/\/grundlinien.de\/es\/wp-json\/wp\/v2\/media?parent=901514"}],"wp:term":[{"taxonomy":"category","embeddable":true,"href":"https:\/\/grundlinien.de\/es\/wp-json\/wp\/v2\/categories?post=901514"},{"taxonomy":"post_tag","embeddable":true,"href":"https:\/\/grundlinien.de\/es\/wp-json\/wp\/v2\/tags?post=901514"}],"curies":[{"name":"wp","href":"https:\/\/api.w.org\/{rel}","templated":true}]}}