{"id":901516,"date":"2026-08-28T21:14:24","date_gmt":"2026-08-28T19:14:24","guid":{"rendered":"https:\/\/grundlinien.de\/?p=901516"},"modified":"2026-08-28T21:14:24","modified_gmt":"2026-08-28T19:14:24","slug":"83","status":"publish","type":"post","link":"https:\/\/grundlinien.de\/es\/83\/","title":{"rendered":"\u00a7 83"},"content":{"rendered":"\n<p class=\"wp-block-paragraph\">El derecho que, en cuanto <em>particular<\/em> y por ello <em>m\u00faltiple<\/em>, recibe, frente a su universalidad y simplicidad <em>en s\u00ed<\/em>, la forma de una <em>apariencia<\/em>, es una apariencia tal en parte <em>en s\u00ed<\/em> o <em>inmediatamente<\/em>, en parte se pone, por el sujeto, <em>como apariencia<\/em>, en parte se pone <em>absolutamente como nulo<\/em> \u2014 <em>entuerto ingenuo<\/em> o <em>civil<\/em>, <em>fraude<\/em> y <em>delito<\/em>.<\/p>\n","protected":false},"excerpt":{"rendered":"<p>El derecho que, en cuanto particular y por ello m\u00faltiple, recibe, frente a su universalidad y simplicidad en s\u00ed, la forma de una apariencia, es una apariencia tal en parte en s\u00ed o inmediatamente, en parte se pone, por el sujeto, como apariencia, en parte se pone absolutamente como nulo \u2014 entuerto ingenuo o civil, [&hellip;]<\/p>\n","protected":false},"author":1,"featured_media":0,"comment_status":"open","ping_status":"","sticky":false,"template":"","format":"standard","meta":{"footnotes":""},"categories":[],"tags":[50],"class_list":["post-901516","post","type-post","status-publish","format-standard","hentry","tag-concepto"],"_links":{"self":[{"href":"https:\/\/grundlinien.de\/es\/wp-json\/wp\/v2\/posts\/901516","targetHints":{"allow":["GET"]}}],"collection":[{"href":"https:\/\/grundlinien.de\/es\/wp-json\/wp\/v2\/posts"}],"about":[{"href":"https:\/\/grundlinien.de\/es\/wp-json\/wp\/v2\/types\/post"}],"author":[{"embeddable":true,"href":"https:\/\/grundlinien.de\/es\/wp-json\/wp\/v2\/users\/1"}],"replies":[{"embeddable":true,"href":"https:\/\/grundlinien.de\/es\/wp-json\/wp\/v2\/comments?post=901516"}],"version-history":[{"count":1,"href":"https:\/\/grundlinien.de\/es\/wp-json\/wp\/v2\/posts\/901516\/revisions"}],"predecessor-version":[{"id":901517,"href":"https:\/\/grundlinien.de\/es\/wp-json\/wp\/v2\/posts\/901516\/revisions\/901517"}],"wp:attachment":[{"href":"https:\/\/grundlinien.de\/es\/wp-json\/wp\/v2\/media?parent=901516"}],"wp:term":[{"taxonomy":"category","embeddable":true,"href":"https:\/\/grundlinien.de\/es\/wp-json\/wp\/v2\/categories?post=901516"},{"taxonomy":"post_tag","embeddable":true,"href":"https:\/\/grundlinien.de\/es\/wp-json\/wp\/v2\/tags?post=901516"}],"curies":[{"name":"wp","href":"https:\/\/api.w.org\/{rel}","templated":true}]}}