{"id":901520,"date":"2026-08-28T21:18:06","date_gmt":"2026-08-28T19:18:06","guid":{"rendered":"https:\/\/grundlinien.de\/?p=901520"},"modified":"2026-08-28T21:18:06","modified_gmt":"2026-08-28T19:18:06","slug":"86","status":"publish","type":"post","link":"https:\/\/grundlinien.de\/es\/86\/","title":{"rendered":"\u00a7 86"},"content":{"rendered":"\n<p class=\"wp-block-paragraph\">En las partes, el reconocimiento del derecho est\u00e1 unido a un inter\u00e9s particular opuesto y a una opini\u00f3n igualmente opuesta. Frente a esta <em>apariencia<\/em>, surge a la vez, <em>en ella misma<\/em> (\u00a7 anterior), el derecho <em>en s\u00ed<\/em>, en cuanto representado y exigido. Pero, en un principio, es solo como un <em>deber-ser<\/em>, porque la voluntad todav\u00eda no est\u00e1 presente como una voluntad tal que se libere de la inmediatez del inter\u00e9s y tenga, en cuanto particular, a la voluntad universal por fin; tampoco est\u00e1 aqu\u00ed determinado todav\u00eda como una realidad <em>reconocida<\/em> de tal modo que las partes hubieran de renunciar, frente a ella, a su opini\u00f3n e inter\u00e9s particulares.<\/p>\n","protected":false},"excerpt":{"rendered":"<p>En las partes, el reconocimiento del derecho est\u00e1 unido a un inter\u00e9s particular opuesto y a una opini\u00f3n igualmente opuesta. Frente a esta apariencia, surge a la vez, en ella misma (\u00a7 anterior), el derecho en s\u00ed, en cuanto representado y exigido. Pero, en un principio, es solo como un deber-ser, porque la voluntad todav\u00eda [&hellip;]<\/p>\n","protected":false},"author":1,"featured_media":0,"comment_status":"open","ping_status":"","sticky":false,"template":"","format":"standard","meta":{"footnotes":""},"categories":[],"tags":[51],"class_list":["post-901520","post","type-post","status-publish","format-standard","hentry","tag-realizacion"],"_links":{"self":[{"href":"https:\/\/grundlinien.de\/es\/wp-json\/wp\/v2\/posts\/901520","targetHints":{"allow":["GET"]}}],"collection":[{"href":"https:\/\/grundlinien.de\/es\/wp-json\/wp\/v2\/posts"}],"about":[{"href":"https:\/\/grundlinien.de\/es\/wp-json\/wp\/v2\/types\/post"}],"author":[{"embeddable":true,"href":"https:\/\/grundlinien.de\/es\/wp-json\/wp\/v2\/users\/1"}],"replies":[{"embeddable":true,"href":"https:\/\/grundlinien.de\/es\/wp-json\/wp\/v2\/comments?post=901520"}],"version-history":[{"count":1,"href":"https:\/\/grundlinien.de\/es\/wp-json\/wp\/v2\/posts\/901520\/revisions"}],"predecessor-version":[{"id":901521,"href":"https:\/\/grundlinien.de\/es\/wp-json\/wp\/v2\/posts\/901520\/revisions\/901521"}],"wp:attachment":[{"href":"https:\/\/grundlinien.de\/es\/wp-json\/wp\/v2\/media?parent=901520"}],"wp:term":[{"taxonomy":"category","embeddable":true,"href":"https:\/\/grundlinien.de\/es\/wp-json\/wp\/v2\/categories?post=901520"},{"taxonomy":"post_tag","embeddable":true,"href":"https:\/\/grundlinien.de\/es\/wp-json\/wp\/v2\/tags?post=901520"}],"curies":[{"name":"wp","href":"https:\/\/api.w.org\/{rel}","templated":true}]}}