{"id":901526,"date":"2026-08-28T21:23:29","date_gmt":"2026-08-28T19:23:29","guid":{"rendered":"https:\/\/grundlinien.de\/?p=901526"},"modified":"2026-08-28T21:23:29","modified_gmt":"2026-08-28T19:23:29","slug":"89","status":"publish","type":"post","link":"https:\/\/grundlinien.de\/es\/89\/","title":{"rendered":"\u00a7 89"},"content":{"rendered":"\n<p class=\"wp-block-paragraph\">Que, frente a esta aceptaci\u00f3n de la cosa meramente <em>como esta<\/em>, y frente a la voluntad meramente opinante y arbitraria, lo objetivo o universal sea, en parte, <em>cognoscible como valor<\/em>, en parte <em>v\u00e1lido como derecho<\/em>, y en parte, que el arbitrio subjetivo contrario al derecho sea <em>suprimido<\/em>, es tambi\u00e9n aqu\u00ed, en un primer momento, solo una <em>exigencia<\/em>.<\/p>\n","protected":false},"excerpt":{"rendered":"<p>Que, frente a esta aceptaci\u00f3n de la cosa meramente como esta, y frente a la voluntad meramente opinante y arbitraria, lo objetivo o universal sea, en parte, cognoscible como valor, en parte v\u00e1lido como derecho, y en parte, que el arbitrio subjetivo contrario al derecho sea suprimido, es tambi\u00e9n aqu\u00ed, en un primer momento, solo [&hellip;]<\/p>\n","protected":false},"author":1,"featured_media":0,"comment_status":"open","ping_status":"","sticky":false,"template":"","format":"standard","meta":{"footnotes":""},"categories":[],"tags":[51],"class_list":["post-901526","post","type-post","status-publish","format-standard","hentry","tag-realizacion"],"_links":{"self":[{"href":"https:\/\/grundlinien.de\/es\/wp-json\/wp\/v2\/posts\/901526","targetHints":{"allow":["GET"]}}],"collection":[{"href":"https:\/\/grundlinien.de\/es\/wp-json\/wp\/v2\/posts"}],"about":[{"href":"https:\/\/grundlinien.de\/es\/wp-json\/wp\/v2\/types\/post"}],"author":[{"embeddable":true,"href":"https:\/\/grundlinien.de\/es\/wp-json\/wp\/v2\/users\/1"}],"replies":[{"embeddable":true,"href":"https:\/\/grundlinien.de\/es\/wp-json\/wp\/v2\/comments?post=901526"}],"version-history":[{"count":1,"href":"https:\/\/grundlinien.de\/es\/wp-json\/wp\/v2\/posts\/901526\/revisions"}],"predecessor-version":[{"id":901527,"href":"https:\/\/grundlinien.de\/es\/wp-json\/wp\/v2\/posts\/901526\/revisions\/901527"}],"wp:attachment":[{"href":"https:\/\/grundlinien.de\/es\/wp-json\/wp\/v2\/media?parent=901526"}],"wp:term":[{"taxonomy":"category","embeddable":true,"href":"https:\/\/grundlinien.de\/es\/wp-json\/wp\/v2\/categories?post=901526"},{"taxonomy":"post_tag","embeddable":true,"href":"https:\/\/grundlinien.de\/es\/wp-json\/wp\/v2\/tags?post=901526"}],"curies":[{"name":"wp","href":"https:\/\/api.w.org\/{rel}","templated":true}]}}