{"id":901532,"date":"2026-08-28T21:30:21","date_gmt":"2026-08-28T19:30:21","guid":{"rendered":"https:\/\/grundlinien.de\/?p=901532"},"modified":"2026-08-28T21:30:21","modified_gmt":"2026-08-28T19:30:21","slug":"92","status":"publish","type":"post","link":"https:\/\/grundlinien.de\/es\/92\/","title":{"rendered":"\u00a7 92"},"content":{"rendered":"\n<p class=\"wp-block-paragraph\">Puesto que la voluntad, solo en la medida en que tiene existencia, es Idea o efectivamente libre, y la existencia en la cual se ha puesto es el <em>ser de la libertad<\/em>, la violencia o la coacci\u00f3n se destruyen inmediatamente a s\u00ed mismas en su concepto, en cuanto exteriorizaci\u00f3n de una voluntad que suprime la exteriorizaci\u00f3n o existencia de una voluntad. La violencia o la coacci\u00f3n son, por ello, tomadas de manera abstracta, <em>contrarias a derecho<\/em>.<\/p>\n","protected":false},"excerpt":{"rendered":"<p>Puesto que la voluntad, solo en la medida en que tiene existencia, es Idea o efectivamente libre, y la existencia en la cual se ha puesto es el ser de la libertad, la violencia o la coacci\u00f3n se destruyen inmediatamente a s\u00ed mismas en su concepto, en cuanto exteriorizaci\u00f3n de una voluntad que suprime la [&hellip;]<\/p>\n","protected":false},"author":1,"featured_media":0,"comment_status":"open","ping_status":"","sticky":false,"template":"","format":"standard","meta":{"footnotes":""},"categories":[],"tags":[50],"class_list":["post-901532","post","type-post","status-publish","format-standard","hentry","tag-concepto"],"_links":{"self":[{"href":"https:\/\/grundlinien.de\/es\/wp-json\/wp\/v2\/posts\/901532","targetHints":{"allow":["GET"]}}],"collection":[{"href":"https:\/\/grundlinien.de\/es\/wp-json\/wp\/v2\/posts"}],"about":[{"href":"https:\/\/grundlinien.de\/es\/wp-json\/wp\/v2\/types\/post"}],"author":[{"embeddable":true,"href":"https:\/\/grundlinien.de\/es\/wp-json\/wp\/v2\/users\/1"}],"replies":[{"embeddable":true,"href":"https:\/\/grundlinien.de\/es\/wp-json\/wp\/v2\/comments?post=901532"}],"version-history":[{"count":1,"href":"https:\/\/grundlinien.de\/es\/wp-json\/wp\/v2\/posts\/901532\/revisions"}],"predecessor-version":[{"id":901533,"href":"https:\/\/grundlinien.de\/es\/wp-json\/wp\/v2\/posts\/901532\/revisions\/901533"}],"wp:attachment":[{"href":"https:\/\/grundlinien.de\/es\/wp-json\/wp\/v2\/media?parent=901532"}],"wp:term":[{"taxonomy":"category","embeddable":true,"href":"https:\/\/grundlinien.de\/es\/wp-json\/wp\/v2\/categories?post=901532"},{"taxonomy":"post_tag","embeddable":true,"href":"https:\/\/grundlinien.de\/es\/wp-json\/wp\/v2\/tags?post=901532"}],"curies":[{"name":"wp","href":"https:\/\/api.w.org\/{rel}","templated":true}]}}