{"id":901546,"date":"2026-08-28T21:44:48","date_gmt":"2026-08-28T19:44:48","guid":{"rendered":"https:\/\/grundlinien.de\/?p=901546"},"modified":"2026-08-28T21:44:48","modified_gmt":"2026-08-28T19:44:48","slug":"102","status":"publish","type":"post","link":"https:\/\/grundlinien.de\/es\/102\/","title":{"rendered":"\u00a7 102"},"content":{"rendered":"\n<p class=\"wp-block-paragraph\">La supresi\u00f3n del delito es, en esta esfera de la inmediatez del derecho, en un primer momento, <em>venganza<\/em>, justa seg\u00fan su <em>contenido<\/em>, en cuanto es retribuci\u00f3n. Pero seg\u00fan su <em>forma<\/em>, es la acci\u00f3n de una voluntad <em>subjetiva<\/em>, que puede poner su infinitud en cada violaci\u00f3n acaecida, y cuya justicia es, por ello, en general contingente, as\u00ed como tambi\u00e9n, para el otro, es solo algo <em>particular<\/em>. La venganza se convierte, por ser la acci\u00f3n positiva de una voluntad particular, en <em>una nueva violaci\u00f3n<\/em>: en cuanto esta contradicci\u00f3n, cae en el progreso hacia el infinito y se hereda de generaci\u00f3n en generaci\u00f3n hasta lo ilimitado.<\/p>\n\n\n\n<blockquote class=\"wp-block-quote is-layout-flow wp-block-quote-is-layout-flow\">\n<p class=\"wp-block-paragraph\">Donde los delitos no se persiguen ni castigan como <em>crimina publica<\/em>, sino como <em>privata<\/em> (como entre los jud\u00edos; entre los romanos, el hurto, el robo; entre los ingleses, todav\u00eda en algunos casos, etc.), la pena conserva al menos todav\u00eda una parte de venganza en s\u00ed. De la venganza privada se distingue el ejercicio de la venganza de los h\u00e9roes, de los caballeros aventureros, etc., que corresponde a la \u00e9poca de la formaci\u00f3n de los Estados.<\/p>\n<\/blockquote>\n","protected":false},"excerpt":{"rendered":"<p>La supresi\u00f3n del delito es, en esta esfera de la inmediatez del derecho, en un primer momento, venganza, justa seg\u00fan su contenido, en cuanto es retribuci\u00f3n. Pero seg\u00fan su forma, es la acci\u00f3n de una voluntad subjetiva, que puede poner su infinitud en cada violaci\u00f3n acaecida, y cuya justicia es, por ello, en general contingente, [&hellip;]<\/p>\n","protected":false},"author":1,"featured_media":0,"comment_status":"open","ping_status":"","sticky":false,"template":"","format":"standard","meta":{"footnotes":""},"categories":[],"tags":[50],"class_list":["post-901546","post","type-post","status-publish","format-standard","hentry","tag-concepto"],"_links":{"self":[{"href":"https:\/\/grundlinien.de\/es\/wp-json\/wp\/v2\/posts\/901546","targetHints":{"allow":["GET"]}}],"collection":[{"href":"https:\/\/grundlinien.de\/es\/wp-json\/wp\/v2\/posts"}],"about":[{"href":"https:\/\/grundlinien.de\/es\/wp-json\/wp\/v2\/types\/post"}],"author":[{"embeddable":true,"href":"https:\/\/grundlinien.de\/es\/wp-json\/wp\/v2\/users\/1"}],"replies":[{"embeddable":true,"href":"https:\/\/grundlinien.de\/es\/wp-json\/wp\/v2\/comments?post=901546"}],"version-history":[{"count":1,"href":"https:\/\/grundlinien.de\/es\/wp-json\/wp\/v2\/posts\/901546\/revisions"}],"predecessor-version":[{"id":901547,"href":"https:\/\/grundlinien.de\/es\/wp-json\/wp\/v2\/posts\/901546\/revisions\/901547"}],"wp:attachment":[{"href":"https:\/\/grundlinien.de\/es\/wp-json\/wp\/v2\/media?parent=901546"}],"wp:term":[{"taxonomy":"category","embeddable":true,"href":"https:\/\/grundlinien.de\/es\/wp-json\/wp\/v2\/categories?post=901546"},{"taxonomy":"post_tag","embeddable":true,"href":"https:\/\/grundlinien.de\/es\/wp-json\/wp\/v2\/tags?post=901546"}],"curies":[{"name":"wp","href":"https:\/\/api.w.org\/{rel}","templated":true}]}}