{"id":901548,"date":"2026-08-28T21:46:30","date_gmt":"2026-08-28T19:46:30","guid":{"rendered":"https:\/\/grundlinien.de\/?p=901548"},"modified":"2026-08-28T21:46:30","modified_gmt":"2026-08-28T19:46:30","slug":"103","status":"publish","type":"post","link":"https:\/\/grundlinien.de\/es\/103\/","title":{"rendered":"\u00a7 103"},"content":{"rendered":"\n<p class=\"wp-block-paragraph\">La exigencia de que esta contradicci\u00f3n (como la contradicci\u00f3n en el otro entuerto; \u00a7\u00a7 86, 89), que aqu\u00ed se da en el modo de la supresi\u00f3n del entuerto, sea resuelta, es la exigencia de una justicia liberada del inter\u00e9s y de la figura subjetivos, as\u00ed como de la contingencia del poder, y por ello no <em>vengadora<\/em>, sino <em>punitiva<\/em>. En ello reside, en un primer momento, la exigencia de una voluntad que, en cuanto voluntad subjetiva particular, quiera lo universal como tal. Pero este concepto de la <em>moralidad<\/em> no es solo algo exigido, sino que ha surgido de este movimiento mismo.<\/p>\n","protected":false},"excerpt":{"rendered":"<p>La exigencia de que esta contradicci\u00f3n (como la contradicci\u00f3n en el otro entuerto; \u00a7\u00a7 86, 89), que aqu\u00ed se da en el modo de la supresi\u00f3n del entuerto, sea resuelta, es la exigencia de una justicia liberada del inter\u00e9s y de la figura subjetivos, as\u00ed como de la contingencia del poder, y por ello no [&hellip;]<\/p>\n","protected":false},"author":1,"featured_media":0,"comment_status":"open","ping_status":"","sticky":false,"template":"","format":"standard","meta":{"footnotes":""},"categories":[],"tags":[50],"class_list":["post-901548","post","type-post","status-publish","format-standard","hentry","tag-concepto"],"_links":{"self":[{"href":"https:\/\/grundlinien.de\/es\/wp-json\/wp\/v2\/posts\/901548","targetHints":{"allow":["GET"]}}],"collection":[{"href":"https:\/\/grundlinien.de\/es\/wp-json\/wp\/v2\/posts"}],"about":[{"href":"https:\/\/grundlinien.de\/es\/wp-json\/wp\/v2\/types\/post"}],"author":[{"embeddable":true,"href":"https:\/\/grundlinien.de\/es\/wp-json\/wp\/v2\/users\/1"}],"replies":[{"embeddable":true,"href":"https:\/\/grundlinien.de\/es\/wp-json\/wp\/v2\/comments?post=901548"}],"version-history":[{"count":1,"href":"https:\/\/grundlinien.de\/es\/wp-json\/wp\/v2\/posts\/901548\/revisions"}],"predecessor-version":[{"id":901549,"href":"https:\/\/grundlinien.de\/es\/wp-json\/wp\/v2\/posts\/901548\/revisions\/901549"}],"wp:attachment":[{"href":"https:\/\/grundlinien.de\/es\/wp-json\/wp\/v2\/media?parent=901548"}],"wp:term":[{"taxonomy":"category","embeddable":true,"href":"https:\/\/grundlinien.de\/es\/wp-json\/wp\/v2\/categories?post=901548"},{"taxonomy":"post_tag","embeddable":true,"href":"https:\/\/grundlinien.de\/es\/wp-json\/wp\/v2\/tags?post=901548"}],"curies":[{"name":"wp","href":"https:\/\/api.w.org\/{rel}","templated":true}]}}