{"id":901552,"date":"2026-08-28T21:50:10","date_gmt":"2026-08-28T19:50:10","guid":{"rendered":"https:\/\/grundlinien.de\/?p=901552"},"modified":"2026-08-28T21:50:10","modified_gmt":"2026-08-28T19:50:10","slug":"105","status":"publish","type":"post","link":"https:\/\/grundlinien.de\/es\/105\/","title":{"rendered":"\u00a7 105"},"content":{"rendered":"\n<p class=\"wp-block-paragraph\"><strong>Segunda Parte. La moralidad<\/strong><\/p>\n\n\n\n<p class=\"wp-block-paragraph\">El punto de vista moral es el punto de vista de la voluntad en la medida en que esta no es meramente <em>en s\u00ed<\/em>, sino <em>para s\u00ed<\/em> infinita (\u00a7 anterior). Esta reflexi\u00f3n de la voluntad en s\u00ed misma, y su identidad <em>para s\u00ed<\/em> frente al ser-en-s\u00ed, a la inmediatez y a las determinidades que en ella se desarrollan, determina a la <em>persona<\/em> como <em>sujeto<\/em>.<\/p>\n","protected":false},"excerpt":{"rendered":"<p>Segunda Parte. La moralidad El punto de vista moral es el punto de vista de la voluntad en la medida en que esta no es meramente en s\u00ed, sino para s\u00ed infinita (\u00a7 anterior). Esta reflexi\u00f3n de la voluntad en s\u00ed misma, y su identidad para s\u00ed frente al ser-en-s\u00ed, a la inmediatez y a [&hellip;]<\/p>\n","protected":false},"author":1,"featured_media":0,"comment_status":"open","ping_status":"","sticky":false,"template":"","format":"standard","meta":{"footnotes":""},"categories":[],"tags":[50],"class_list":["post-901552","post","type-post","status-publish","format-standard","hentry","tag-concepto"],"_links":{"self":[{"href":"https:\/\/grundlinien.de\/es\/wp-json\/wp\/v2\/posts\/901552","targetHints":{"allow":["GET"]}}],"collection":[{"href":"https:\/\/grundlinien.de\/es\/wp-json\/wp\/v2\/posts"}],"about":[{"href":"https:\/\/grundlinien.de\/es\/wp-json\/wp\/v2\/types\/post"}],"author":[{"embeddable":true,"href":"https:\/\/grundlinien.de\/es\/wp-json\/wp\/v2\/users\/1"}],"replies":[{"embeddable":true,"href":"https:\/\/grundlinien.de\/es\/wp-json\/wp\/v2\/comments?post=901552"}],"version-history":[{"count":1,"href":"https:\/\/grundlinien.de\/es\/wp-json\/wp\/v2\/posts\/901552\/revisions"}],"predecessor-version":[{"id":901553,"href":"https:\/\/grundlinien.de\/es\/wp-json\/wp\/v2\/posts\/901552\/revisions\/901553"}],"wp:attachment":[{"href":"https:\/\/grundlinien.de\/es\/wp-json\/wp\/v2\/media?parent=901552"}],"wp:term":[{"taxonomy":"category","embeddable":true,"href":"https:\/\/grundlinien.de\/es\/wp-json\/wp\/v2\/categories?post=901552"},{"taxonomy":"post_tag","embeddable":true,"href":"https:\/\/grundlinien.de\/es\/wp-json\/wp\/v2\/tags?post=901552"}],"curies":[{"name":"wp","href":"https:\/\/api.w.org\/{rel}","templated":true}]}}