{"id":901567,"date":"2026-08-29T07:23:21","date_gmt":"2026-08-29T05:23:21","guid":{"rendered":"https:\/\/grundlinien.de\/?p=901567"},"modified":"2026-08-29T20:01:28","modified_gmt":"2026-08-29T18:01:28","slug":"112","status":"publish","type":"post","link":"https:\/\/grundlinien.de\/es\/112\/","title":{"rendered":"\u00a7 112"},"content":{"rendered":"\n<p class=\"wp-block-paragraph\">c) En la medida en que Yo conservo mi subjetividad en la ejecuci\u00f3n de mis fines (<a href=\"https:\/\/grundlinien.de\/es\/110\/\">\u00a7 110<\/a>), suprimo en ello, en la <em>objetivaci\u00f3n<\/em> de la misma, esta subjetividad a la vez en cuanto <em>inmediata<\/em>, y por tanto en cuanto esta mi subjetividad <em>singular<\/em>. Pero la subjetividad exterior as\u00ed id\u00e9ntica conmigo es la <em>voluntad de otros<\/em> (<a href=\"https:\/\/grundlinien.de\/es\/73\/\">\u00a7 73<\/a>). \u2013 El terreno de la <em>existencia<\/em> de la voluntad es ahora la <em>subjetividad<\/em> (<a href=\"https:\/\/grundlinien.de\/es\/106\/\">\u00a7 106<\/a>), y la voluntad de otros es la existencia otra, a la vez m\u00eda, que Yo doy a mi fin. \u2013 La ejecuci\u00f3n de mi fin contiene, por ello, en s\u00ed esta identidad de mi voluntad y la de otros \u2014 tiene una relaci\u00f3n <em>positiva<\/em> con la voluntad de otros.<\/p>\n\n\n\n<blockquote class=\"wp-block-quote is-layout-flow wp-block-quote-is-layout-flow\">\n<p class=\"wp-block-paragraph\">La <em>objetividad<\/em> del fin ejecutado incluye, por ello, en s\u00ed los tres significados, o m\u00e1s bien contiene en uno los tres momentos: \u03b1) ser <em>existencia<\/em> inmediata <em>exterior<\/em> (<a href=\"https:\/\/grundlinien.de\/es\/109\/\">\u00a7 109<\/a>), \u03b2) ser adecuada al concepto (<a href=\"https:\/\/grundlinien.de\/es\/112\/\">\u00a7 112<\/a>), \u03b3) ser subjetividad <em>universal<\/em>. La <em>subjetividad<\/em> que se <em>conserva<\/em> en esta objetividad consiste \u03b1) en que el fin objetivo sea <em>el m\u00edo<\/em>, de modo que Yo me conserve en \u00e9l como <em>este<\/em> (<a href=\"https:\/\/grundlinien.de\/es\/110\/\">\u00a7 110<\/a>); \u03b2) y \u03b3) de la subjetividad ya han coincidido con los momentos \u03b2) y \u03b3) de la objetividad. \u2013 Que estas determinaciones, as\u00ed diferenciadas en el punto de vista moral, est\u00e9n unidas solo en <em>contradicci\u00f3n<\/em>, constituye, m\u00e1s precisamente, lo <em>fenom\u00e9nico<\/em> o la <em>finitud<\/em> de esta esfera (<a href=\"https:\/\/grundlinien.de\/es\/108\/\">\u00a7 108<\/a>), y el desarrollo de este punto de vista es el desarrollo de estas contradicciones y sus resoluciones, las cuales, sin embargo, dentro de \u00e9l, solo pueden ser <em>relativas<\/em>.<\/p>\n<\/blockquote>\n","protected":false},"excerpt":{"rendered":"<p>c) En la medida en que Yo conservo mi subjetividad en la ejecuci\u00f3n de mis fines (\u00a7 110), suprimo en ello, en la objetivaci\u00f3n de la misma, esta subjetividad a la vez en cuanto inmediata, y por tanto en cuanto esta mi subjetividad singular. Pero la subjetividad exterior as\u00ed id\u00e9ntica conmigo es la voluntad de [&hellip;]<\/p>\n","protected":false},"author":1,"featured_media":0,"comment_status":"open","ping_status":"","sticky":false,"template":"","format":"standard","meta":{"footnotes":""},"categories":[],"tags":[50],"class_list":["post-901567","post","type-post","status-publish","format-standard","hentry","tag-concepto"],"_links":{"self":[{"href":"https:\/\/grundlinien.de\/es\/wp-json\/wp\/v2\/posts\/901567","targetHints":{"allow":["GET"]}}],"collection":[{"href":"https:\/\/grundlinien.de\/es\/wp-json\/wp\/v2\/posts"}],"about":[{"href":"https:\/\/grundlinien.de\/es\/wp-json\/wp\/v2\/types\/post"}],"author":[{"embeddable":true,"href":"https:\/\/grundlinien.de\/es\/wp-json\/wp\/v2\/users\/1"}],"replies":[{"embeddable":true,"href":"https:\/\/grundlinien.de\/es\/wp-json\/wp\/v2\/comments?post=901567"}],"version-history":[{"count":2,"href":"https:\/\/grundlinien.de\/es\/wp-json\/wp\/v2\/posts\/901567\/revisions"}],"predecessor-version":[{"id":902114,"href":"https:\/\/grundlinien.de\/es\/wp-json\/wp\/v2\/posts\/901567\/revisions\/902114"}],"wp:attachment":[{"href":"https:\/\/grundlinien.de\/es\/wp-json\/wp\/v2\/media?parent=901567"}],"wp:term":[{"taxonomy":"category","embeddable":true,"href":"https:\/\/grundlinien.de\/es\/wp-json\/wp\/v2\/categories?post=901567"},{"taxonomy":"post_tag","embeddable":true,"href":"https:\/\/grundlinien.de\/es\/wp-json\/wp\/v2\/tags?post=901567"}],"curies":[{"name":"wp","href":"https:\/\/api.w.org\/{rel}","templated":true}]}}