{"id":901576,"date":"2026-08-29T08:06:21","date_gmt":"2026-08-29T06:06:21","guid":{"rendered":"https:\/\/grundlinien.de\/?p=901576"},"modified":"2026-08-29T08:06:21","modified_gmt":"2026-08-29T06:06:21","slug":"116","status":"publish","type":"post","link":"https:\/\/grundlinien.de\/es\/116\/","title":{"rendered":"\u00a7 116"},"content":{"rendered":"\n<p class=\"wp-block-paragraph\">No es, ciertamente, mi propio hecho, cuando cosas de las que soy propietario, y que, en cuanto exteriores, est\u00e1n en m\u00faltiple conexi\u00f3n y act\u00faan (como tambi\u00e9n puede ser el caso conmigo mismo, en cuanto cuerpo mec\u00e1nico o en cuanto ser viviente), causan as\u00ed da\u00f1o a otros. Pero este me es imputable <em>en mayor o menor medida<\/em>, porque aquellas cosas son, en general, m\u00edas, aunque tambi\u00e9n, seg\u00fan su naturaleza peculiar, est\u00e1n sometidas solo en mayor o menor grado a mi dominio, atenci\u00f3n, etc.<\/p>\n","protected":false},"excerpt":{"rendered":"<p>No es, ciertamente, mi propio hecho, cuando cosas de las que soy propietario, y que, en cuanto exteriores, est\u00e1n en m\u00faltiple conexi\u00f3n y act\u00faan (como tambi\u00e9n puede ser el caso conmigo mismo, en cuanto cuerpo mec\u00e1nico o en cuanto ser viviente), causan as\u00ed da\u00f1o a otros. Pero este me es imputable en mayor o menor [&hellip;]<\/p>\n","protected":false},"author":1,"featured_media":0,"comment_status":"open","ping_status":"","sticky":false,"template":"","format":"standard","meta":{"footnotes":""},"categories":[],"tags":[51],"class_list":["post-901576","post","type-post","status-publish","format-standard","hentry","tag-realizacion"],"_links":{"self":[{"href":"https:\/\/grundlinien.de\/es\/wp-json\/wp\/v2\/posts\/901576","targetHints":{"allow":["GET"]}}],"collection":[{"href":"https:\/\/grundlinien.de\/es\/wp-json\/wp\/v2\/posts"}],"about":[{"href":"https:\/\/grundlinien.de\/es\/wp-json\/wp\/v2\/types\/post"}],"author":[{"embeddable":true,"href":"https:\/\/grundlinien.de\/es\/wp-json\/wp\/v2\/users\/1"}],"replies":[{"embeddable":true,"href":"https:\/\/grundlinien.de\/es\/wp-json\/wp\/v2\/comments?post=901576"}],"version-history":[{"count":1,"href":"https:\/\/grundlinien.de\/es\/wp-json\/wp\/v2\/posts\/901576\/revisions"}],"predecessor-version":[{"id":901577,"href":"https:\/\/grundlinien.de\/es\/wp-json\/wp\/v2\/posts\/901576\/revisions\/901577"}],"wp:attachment":[{"href":"https:\/\/grundlinien.de\/es\/wp-json\/wp\/v2\/media?parent=901576"}],"wp:term":[{"taxonomy":"category","embeddable":true,"href":"https:\/\/grundlinien.de\/es\/wp-json\/wp\/v2\/categories?post=901576"},{"taxonomy":"post_tag","embeddable":true,"href":"https:\/\/grundlinien.de\/es\/wp-json\/wp\/v2\/tags?post=901576"}],"curies":[{"name":"wp","href":"https:\/\/api.w.org\/{rel}","templated":true}]}}