{"id":901591,"date":"2026-08-29T09:08:08","date_gmt":"2026-08-29T07:08:08","guid":{"rendered":"https:\/\/grundlinien.de\/?p=901591"},"modified":"2026-08-29T09:08:08","modified_gmt":"2026-08-29T07:08:08","slug":"117","status":"publish","type":"post","link":"https:\/\/grundlinien.de\/es\/117\/","title":{"rendered":"\u00a7 117"},"content":{"rendered":"\n<p class=\"wp-block-paragraph\">La voluntad que act\u00faa por s\u00ed misma tiene, en su fin dirigido a la existencia dada, la <em>representaci\u00f3n<\/em> de las circunstancias de esta. Pero, puesto que es, a causa de este presupuesto, <em>finita<\/em>, el fen\u00f3meno objetivo es para ella <em>contingente<\/em> y puede contener en s\u00ed algo distinto de lo que hay en su representaci\u00f3n. Pero el derecho de la voluntad consiste en reconocer, en su <em>hecho<\/em>, solo esto como su <em>acci\u00f3n<\/em>, y en tener <em>responsabilidad<\/em> solo por aquello de sus presupuestos que ella sabe en su fin, aquello que resid\u00eda en su <em>prop\u00f3sito<\/em>. \u2014 El hecho solo puede ser imputado como <em>responsabilidad de la voluntad<\/em> \u2014 <em>el derecho del saber<\/em>.<\/p>\n","protected":false},"excerpt":{"rendered":"<p>La voluntad que act\u00faa por s\u00ed misma tiene, en su fin dirigido a la existencia dada, la representaci\u00f3n de las circunstancias de esta. Pero, puesto que es, a causa de este presupuesto, finita, el fen\u00f3meno objetivo es para ella contingente y puede contener en s\u00ed algo distinto de lo que hay en su representaci\u00f3n. Pero [&hellip;]<\/p>\n","protected":false},"author":1,"featured_media":0,"comment_status":"open","ping_status":"","sticky":false,"template":"","format":"standard","meta":{"footnotes":""},"categories":[],"tags":[50],"class_list":["post-901591","post","type-post","status-publish","format-standard","hentry","tag-concepto"],"_links":{"self":[{"href":"https:\/\/grundlinien.de\/es\/wp-json\/wp\/v2\/posts\/901591","targetHints":{"allow":["GET"]}}],"collection":[{"href":"https:\/\/grundlinien.de\/es\/wp-json\/wp\/v2\/posts"}],"about":[{"href":"https:\/\/grundlinien.de\/es\/wp-json\/wp\/v2\/types\/post"}],"author":[{"embeddable":true,"href":"https:\/\/grundlinien.de\/es\/wp-json\/wp\/v2\/users\/1"}],"replies":[{"embeddable":true,"href":"https:\/\/grundlinien.de\/es\/wp-json\/wp\/v2\/comments?post=901591"}],"version-history":[{"count":1,"href":"https:\/\/grundlinien.de\/es\/wp-json\/wp\/v2\/posts\/901591\/revisions"}],"predecessor-version":[{"id":901592,"href":"https:\/\/grundlinien.de\/es\/wp-json\/wp\/v2\/posts\/901591\/revisions\/901592"}],"wp:attachment":[{"href":"https:\/\/grundlinien.de\/es\/wp-json\/wp\/v2\/media?parent=901591"}],"wp:term":[{"taxonomy":"category","embeddable":true,"href":"https:\/\/grundlinien.de\/es\/wp-json\/wp\/v2\/categories?post=901591"},{"taxonomy":"post_tag","embeddable":true,"href":"https:\/\/grundlinien.de\/es\/wp-json\/wp\/v2\/tags?post=901591"}],"curies":[{"name":"wp","href":"https:\/\/api.w.org\/{rel}","templated":true}]}}