{"id":901597,"date":"2026-08-29T09:15:58","date_gmt":"2026-08-29T07:15:58","guid":{"rendered":"https:\/\/grundlinien.de\/?p=901597"},"modified":"2026-08-29T09:15:58","modified_gmt":"2026-08-29T07:15:58","slug":"120","status":"publish","type":"post","link":"https:\/\/grundlinien.de\/es\/120\/","title":{"rendered":"\u00a7 120"},"content":{"rendered":"\n<p class=\"wp-block-paragraph\">El <em>derecho de la intenci\u00f3n<\/em> consiste en que la cualidad <em>universal<\/em> de la acci\u00f3n no sea solo <em>en s\u00ed<\/em>, sino que sea <em>conocida<\/em> por quien act\u00faa, y por tanto haya residido ya en su voluntad subjetiva; as\u00ed como, a la inversa, el derecho de la <em>objetividad<\/em> de la acci\u00f3n, como puede llamarse, consiste en afirmarse, frente al sujeto en cuanto ser <em>pensante<\/em>, como algo <em>conocido<\/em> y <em>querido<\/em>.<\/p>\n\n\n\n<blockquote class=\"wp-block-quote is-layout-flow wp-block-quote-is-layout-flow\">\n<p class=\"wp-block-paragraph\">Este derecho a tal intelecci\u00f3n trae consigo la <em>inimputabilidad<\/em>, total o menor, de los ni\u00f1os, los deficientes mentales, los locos, etc., en sus acciones. \u2013 Pero as\u00ed como las acciones, seg\u00fan su existencia exterior, encierran en s\u00ed contingencias de consecuencias, as\u00ed tambi\u00e9n la existencia <em>subjetiva<\/em> contiene una indeterminaci\u00f3n referida al poder y la fuerza de la autoconciencia y de la reflexi\u00f3n \u2014 indeterminaci\u00f3n que, sin embargo, solo puede entrar en consideraci\u00f3n con respecto al deficiente mental, a la locura y similares, as\u00ed como a la infancia, porque solo tales estados decididos suprimen el car\u00e1cter del pensar y de la libertad de la voluntad, y permiten no tomar a quien act\u00faa seg\u00fan el honor de ser un ser pensante y una voluntad.<\/p>\n<\/blockquote>\n","protected":false},"excerpt":{"rendered":"<p>El derecho de la intenci\u00f3n consiste en que la cualidad universal de la acci\u00f3n no sea solo en s\u00ed, sino que sea conocida por quien act\u00faa, y por tanto haya residido ya en su voluntad subjetiva; as\u00ed como, a la inversa, el derecho de la objetividad de la acci\u00f3n, como puede llamarse, consiste en afirmarse, [&hellip;]<\/p>\n","protected":false},"author":1,"featured_media":0,"comment_status":"open","ping_status":"","sticky":false,"template":"","format":"standard","meta":{"footnotes":""},"categories":[],"tags":[50],"class_list":["post-901597","post","type-post","status-publish","format-standard","hentry","tag-concepto"],"_links":{"self":[{"href":"https:\/\/grundlinien.de\/es\/wp-json\/wp\/v2\/posts\/901597","targetHints":{"allow":["GET"]}}],"collection":[{"href":"https:\/\/grundlinien.de\/es\/wp-json\/wp\/v2\/posts"}],"about":[{"href":"https:\/\/grundlinien.de\/es\/wp-json\/wp\/v2\/types\/post"}],"author":[{"embeddable":true,"href":"https:\/\/grundlinien.de\/es\/wp-json\/wp\/v2\/users\/1"}],"replies":[{"embeddable":true,"href":"https:\/\/grundlinien.de\/es\/wp-json\/wp\/v2\/comments?post=901597"}],"version-history":[{"count":1,"href":"https:\/\/grundlinien.de\/es\/wp-json\/wp\/v2\/posts\/901597\/revisions"}],"predecessor-version":[{"id":901598,"href":"https:\/\/grundlinien.de\/es\/wp-json\/wp\/v2\/posts\/901597\/revisions\/901598"}],"wp:attachment":[{"href":"https:\/\/grundlinien.de\/es\/wp-json\/wp\/v2\/media?parent=901597"}],"wp:term":[{"taxonomy":"category","embeddable":true,"href":"https:\/\/grundlinien.de\/es\/wp-json\/wp\/v2\/categories?post=901597"},{"taxonomy":"post_tag","embeddable":true,"href":"https:\/\/grundlinien.de\/es\/wp-json\/wp\/v2\/tags?post=901597"}],"curies":[{"name":"wp","href":"https:\/\/api.w.org\/{rel}","templated":true}]}}