{"id":901599,"date":"2026-08-29T09:18:17","date_gmt":"2026-08-29T07:18:17","guid":{"rendered":"https:\/\/grundlinien.de\/?p=901599"},"modified":"2026-08-29T09:18:17","modified_gmt":"2026-08-29T07:18:17","slug":"121","status":"publish","type":"post","link":"https:\/\/grundlinien.de\/es\/121\/","title":{"rendered":"\u00a7 121"},"content":{"rendered":"\n<p class=\"wp-block-paragraph\">La cualidad universal de la acci\u00f3n es el contenido m\u00faltiple de la acci\u00f3n en general, reconducido a la forma simple de la <em>universalidad<\/em>. Pero el sujeto, en cuanto <em>reflejado en s\u00ed<\/em>, y por ello <em>particular<\/em> frente a la particularidad objetiva, tiene, en su fin, su propio contenido <em>particular<\/em>, que es el alma determinante de la acci\u00f3n. Que este momento de la <em>particularidad<\/em> de quien act\u00faa est\u00e9 contenido y ejecutado en la acci\u00f3n constituye la <em>libertad subjetiva<\/em> en su determinaci\u00f3n m\u00e1s concreta: el <em>derecho del sujeto<\/em> de encontrar en la acci\u00f3n su <em>satisfacci\u00f3n<\/em>.<\/p>\n","protected":false},"excerpt":{"rendered":"<p>La cualidad universal de la acci\u00f3n es el contenido m\u00faltiple de la acci\u00f3n en general, reconducido a la forma simple de la universalidad. Pero el sujeto, en cuanto reflejado en s\u00ed, y por ello particular frente a la particularidad objetiva, tiene, en su fin, su propio contenido particular, que es el alma determinante de la [&hellip;]<\/p>\n","protected":false},"author":1,"featured_media":0,"comment_status":"open","ping_status":"","sticky":false,"template":"","format":"standard","meta":{"footnotes":""},"categories":[],"tags":[50],"class_list":["post-901599","post","type-post","status-publish","format-standard","hentry","tag-concepto"],"_links":{"self":[{"href":"https:\/\/grundlinien.de\/es\/wp-json\/wp\/v2\/posts\/901599","targetHints":{"allow":["GET"]}}],"collection":[{"href":"https:\/\/grundlinien.de\/es\/wp-json\/wp\/v2\/posts"}],"about":[{"href":"https:\/\/grundlinien.de\/es\/wp-json\/wp\/v2\/types\/post"}],"author":[{"embeddable":true,"href":"https:\/\/grundlinien.de\/es\/wp-json\/wp\/v2\/users\/1"}],"replies":[{"embeddable":true,"href":"https:\/\/grundlinien.de\/es\/wp-json\/wp\/v2\/comments?post=901599"}],"version-history":[{"count":1,"href":"https:\/\/grundlinien.de\/es\/wp-json\/wp\/v2\/posts\/901599\/revisions"}],"predecessor-version":[{"id":901600,"href":"https:\/\/grundlinien.de\/es\/wp-json\/wp\/v2\/posts\/901599\/revisions\/901600"}],"wp:attachment":[{"href":"https:\/\/grundlinien.de\/es\/wp-json\/wp\/v2\/media?parent=901599"}],"wp:term":[{"taxonomy":"category","embeddable":true,"href":"https:\/\/grundlinien.de\/es\/wp-json\/wp\/v2\/categories?post=901599"},{"taxonomy":"post_tag","embeddable":true,"href":"https:\/\/grundlinien.de\/es\/wp-json\/wp\/v2\/tags?post=901599"}],"curies":[{"name":"wp","href":"https:\/\/api.w.org\/{rel}","templated":true}]}}