{"id":901619,"date":"2026-08-29T10:16:12","date_gmt":"2026-08-29T08:16:12","guid":{"rendered":"https:\/\/grundlinien.de\/?p=901619"},"modified":"2026-08-29T10:16:12","modified_gmt":"2026-08-29T08:16:12","slug":"136","status":"publish","type":"post","link":"https:\/\/grundlinien.de\/es\/136\/","title":{"rendered":"\u00a7 136"},"content":{"rendered":"\n<p class=\"wp-block-paragraph\">En raz\u00f3n de la \u00edndole abstracta del bien, el otro momento de la Idea, la particularidad en general, recae en la <em>subjetividad<\/em>, la cual, en su universalidad reflejada en s\u00ed, es la certeza absoluta de s\u00ed misma en s\u00ed \u2014 lo que pone la particularidad, lo determinante y lo decisorio \u2014 <em>la conciencia moral<\/em> (<em>das Gewissen<\/em>).<\/p>\n","protected":false},"excerpt":{"rendered":"<p>En raz\u00f3n de la \u00edndole abstracta del bien, el otro momento de la Idea, la particularidad en general, recae en la subjetividad, la cual, en su universalidad reflejada en s\u00ed, es la certeza absoluta de s\u00ed misma en s\u00ed \u2014 lo que pone la particularidad, lo determinante y lo decisorio \u2014 la conciencia moral (das [&hellip;]<\/p>\n","protected":false},"author":1,"featured_media":0,"comment_status":"open","ping_status":"","sticky":false,"template":"","format":"standard","meta":{"footnotes":""},"categories":[],"tags":[50],"class_list":["post-901619","post","type-post","status-publish","format-standard","hentry","tag-concepto"],"_links":{"self":[{"href":"https:\/\/grundlinien.de\/es\/wp-json\/wp\/v2\/posts\/901619","targetHints":{"allow":["GET"]}}],"collection":[{"href":"https:\/\/grundlinien.de\/es\/wp-json\/wp\/v2\/posts"}],"about":[{"href":"https:\/\/grundlinien.de\/es\/wp-json\/wp\/v2\/types\/post"}],"author":[{"embeddable":true,"href":"https:\/\/grundlinien.de\/es\/wp-json\/wp\/v2\/users\/1"}],"replies":[{"embeddable":true,"href":"https:\/\/grundlinien.de\/es\/wp-json\/wp\/v2\/comments?post=901619"}],"version-history":[{"count":1,"href":"https:\/\/grundlinien.de\/es\/wp-json\/wp\/v2\/posts\/901619\/revisions"}],"predecessor-version":[{"id":901620,"href":"https:\/\/grundlinien.de\/es\/wp-json\/wp\/v2\/posts\/901619\/revisions\/901620"}],"wp:attachment":[{"href":"https:\/\/grundlinien.de\/es\/wp-json\/wp\/v2\/media?parent=901619"}],"wp:term":[{"taxonomy":"category","embeddable":true,"href":"https:\/\/grundlinien.de\/es\/wp-json\/wp\/v2\/categories?post=901619"},{"taxonomy":"post_tag","embeddable":true,"href":"https:\/\/grundlinien.de\/es\/wp-json\/wp\/v2\/tags?post=901619"}],"curies":[{"name":"wp","href":"https:\/\/api.w.org\/{rel}","templated":true}]}}