{"id":901631,"date":"2026-08-29T10:33:19","date_gmt":"2026-08-29T08:33:19","guid":{"rendered":"https:\/\/grundlinien.de\/?p=901631"},"modified":"2026-08-29T10:33:19","modified_gmt":"2026-08-29T08:33:19","slug":"144","status":"publish","type":"post","link":"https:\/\/grundlinien.de\/es\/144\/","title":{"rendered":"\u00a7 144"},"content":{"rendered":"\n<p class=\"wp-block-paragraph\">\u03b1) Lo <em>\u00e9tico objetivo<\/em>, que ocupa el lugar del bien abstracto, es la sustancia <em>concreta<\/em>, por la subjetividad, <em>como forma infinita<\/em>. Pone, por ello, en s\u00ed, diferencias, que est\u00e1n as\u00ed determinadas por el concepto, y por las cuales lo \u00e9tico tiene un <em>contenido<\/em> firme, que es necesario para s\u00ed y una subsistencia elevada por encima del opinar y el arbitrio subjetivos \u2014 las <em>leyes e instituciones que son en y para s\u00ed<\/em>.<\/p>\n","protected":false},"excerpt":{"rendered":"<p>\u03b1) Lo \u00e9tico objetivo, que ocupa el lugar del bien abstracto, es la sustancia concreta, por la subjetividad, como forma infinita. Pone, por ello, en s\u00ed, diferencias, que est\u00e1n as\u00ed determinadas por el concepto, y por las cuales lo \u00e9tico tiene un contenido firme, que es necesario para s\u00ed y una subsistencia elevada por encima [&hellip;]<\/p>\n","protected":false},"author":1,"featured_media":0,"comment_status":"open","ping_status":"","sticky":false,"template":"","format":"standard","meta":{"footnotes":""},"categories":[],"tags":[50],"class_list":["post-901631","post","type-post","status-publish","format-standard","hentry","tag-concepto"],"_links":{"self":[{"href":"https:\/\/grundlinien.de\/es\/wp-json\/wp\/v2\/posts\/901631","targetHints":{"allow":["GET"]}}],"collection":[{"href":"https:\/\/grundlinien.de\/es\/wp-json\/wp\/v2\/posts"}],"about":[{"href":"https:\/\/grundlinien.de\/es\/wp-json\/wp\/v2\/types\/post"}],"author":[{"embeddable":true,"href":"https:\/\/grundlinien.de\/es\/wp-json\/wp\/v2\/users\/1"}],"replies":[{"embeddable":true,"href":"https:\/\/grundlinien.de\/es\/wp-json\/wp\/v2\/comments?post=901631"}],"version-history":[{"count":1,"href":"https:\/\/grundlinien.de\/es\/wp-json\/wp\/v2\/posts\/901631\/revisions"}],"predecessor-version":[{"id":901632,"href":"https:\/\/grundlinien.de\/es\/wp-json\/wp\/v2\/posts\/901631\/revisions\/901632"}],"wp:attachment":[{"href":"https:\/\/grundlinien.de\/es\/wp-json\/wp\/v2\/media?parent=901631"}],"wp:term":[{"taxonomy":"category","embeddable":true,"href":"https:\/\/grundlinien.de\/es\/wp-json\/wp\/v2\/categories?post=901631"},{"taxonomy":"post_tag","embeddable":true,"href":"https:\/\/grundlinien.de\/es\/wp-json\/wp\/v2\/tags?post=901631"}],"curies":[{"name":"wp","href":"https:\/\/api.w.org\/{rel}","templated":true}]}}