{"id":901637,"date":"2026-08-29T10:40:15","date_gmt":"2026-08-29T08:40:15","guid":{"rendered":"https:\/\/grundlinien.de\/?p=901637"},"modified":"2026-08-29T10:40:15","modified_gmt":"2026-08-29T08:40:15","slug":"147","status":"publish","type":"post","link":"https:\/\/grundlinien.de\/es\/147\/","title":{"rendered":"\u00a7 147"},"content":{"rendered":"\n<p class=\"wp-block-paragraph\">Por otro lado, no le son al sujeto algo <em>extra\u00f1o<\/em>, sino que el esp\u00edritu da <em>testimonio de ellas<\/em> como de <em>su propia esencia<\/em>, en la cual tiene su <em>sentimiento de s\u00ed<\/em> y vive en ellas como en su elemento no diferenciado de s\u00ed \u2014 una relaci\u00f3n que es, de manera inmediata, todav\u00eda m\u00e1s id\u00e9ntica que incluso la <em>fe<\/em> y la <em>confianza<\/em>.<\/p>\n\n\n\n<blockquote class=\"wp-block-quote is-layout-flow wp-block-quote-is-layout-flow\">\n<p class=\"wp-block-paragraph\">La fe y la confianza pertenecen a la reflexi\u00f3n incipiente y presuponen una representaci\u00f3n y una diferencia; como ser\u00eda, por ejemplo, distinto creer en la religi\u00f3n pagana y ser pagano. Aquella relaci\u00f3n, o m\u00e1s bien [la] identidad sin relaci\u00f3n, en la cual lo \u00e9tico es la vitalidad efectiva de la autoconciencia, puede, ciertamente, pasar a una relaci\u00f3n de fe y convicci\u00f3n, y a una mediada por una <em>reflexi\u00f3n ulterior<\/em>, a una intelecci\u00f3n por razones, que tambi\u00e9n pueden partir de ciertos fines, intereses y consideraciones particulares, del temor o de la esperanza, o de presupuestos hist\u00f3ricos. Pero el <em>conocimiento adecuado<\/em> de la misma pertenece al concepto pensante.<\/p>\n<\/blockquote>\n","protected":false},"excerpt":{"rendered":"<p>Por otro lado, no le son al sujeto algo extra\u00f1o, sino que el esp\u00edritu da testimonio de ellas como de su propia esencia, en la cual tiene su sentimiento de s\u00ed y vive en ellas como en su elemento no diferenciado de s\u00ed \u2014 una relaci\u00f3n que es, de manera inmediata, todav\u00eda m\u00e1s id\u00e9ntica que [&hellip;]<\/p>\n","protected":false},"author":1,"featured_media":0,"comment_status":"open","ping_status":"","sticky":false,"template":"","format":"standard","meta":{"footnotes":""},"categories":[],"tags":[50],"class_list":["post-901637","post","type-post","status-publish","format-standard","hentry","tag-concepto"],"_links":{"self":[{"href":"https:\/\/grundlinien.de\/es\/wp-json\/wp\/v2\/posts\/901637","targetHints":{"allow":["GET"]}}],"collection":[{"href":"https:\/\/grundlinien.de\/es\/wp-json\/wp\/v2\/posts"}],"about":[{"href":"https:\/\/grundlinien.de\/es\/wp-json\/wp\/v2\/types\/post"}],"author":[{"embeddable":true,"href":"https:\/\/grundlinien.de\/es\/wp-json\/wp\/v2\/users\/1"}],"replies":[{"embeddable":true,"href":"https:\/\/grundlinien.de\/es\/wp-json\/wp\/v2\/comments?post=901637"}],"version-history":[{"count":1,"href":"https:\/\/grundlinien.de\/es\/wp-json\/wp\/v2\/posts\/901637\/revisions"}],"predecessor-version":[{"id":901638,"href":"https:\/\/grundlinien.de\/es\/wp-json\/wp\/v2\/posts\/901637\/revisions\/901638"}],"wp:attachment":[{"href":"https:\/\/grundlinien.de\/es\/wp-json\/wp\/v2\/media?parent=901637"}],"wp:term":[{"taxonomy":"category","embeddable":true,"href":"https:\/\/grundlinien.de\/es\/wp-json\/wp\/v2\/categories?post=901637"},{"taxonomy":"post_tag","embeddable":true,"href":"https:\/\/grundlinien.de\/es\/wp-json\/wp\/v2\/tags?post=901637"}],"curies":[{"name":"wp","href":"https:\/\/api.w.org\/{rel}","templated":true}]}}