{"id":901641,"date":"2026-08-29T10:42:37","date_gmt":"2026-08-29T08:42:37","guid":{"rendered":"https:\/\/grundlinien.de\/?p=901641"},"modified":"2026-08-29T10:42:37","modified_gmt":"2026-08-29T08:42:37","slug":"150","status":"publish","type":"post","link":"https:\/\/grundlinien.de\/es\/150\/","title":{"rendered":"\u00a7 150"},"content":{"rendered":"\n<p class=\"wp-block-paragraph\">Lo \u00e9tico, en la medida en que se refleja en el car\u00e1cter individual, determinado por la naturaleza, en cuanto tal, es la <em>virtud<\/em>, la cual, en la medida en que no muestra otra cosa que la simple adecuaci\u00f3n del individuo a los deberes de las relaciones a que pertenece, es <em>rectitud<\/em>.<\/p>\n\n\n\n<blockquote class=\"wp-block-quote is-layout-flow wp-block-quote-is-layout-flow\">\n<p class=\"wp-block-paragraph\"><em>Qu\u00e9<\/em> debe hacer el ser humano, <em>cu\u00e1les<\/em> son los deberes que ha de cumplir para ser virtuoso, es f\u00e1cil de decir en una comunidad \u00e9tica \u2014 no hay otra cosa que hacer por \u00e9l sino lo que le est\u00e1 prescrito, expresado y conocido en sus relaciones. La rectitud es lo universal que puede exig\u00edrsele, en parte jur\u00eddica, en parte \u00e9ticamente. Pero aparece f\u00e1cilmente, para el punto de vista moral, como algo subordinado, sobre lo cual habr\u00eda que exigir todav\u00eda m\u00e1s de s\u00ed mismo y de los dem\u00e1s; pues el af\u00e1n de ser algo <em>particular<\/em> no se contenta con lo que es en y para s\u00ed y universal; solo encuentra la conciencia de su peculiaridad en una excepci\u00f3n. \u2014 Los <em>diversos lados<\/em> de la rectitud pueden llamarse igualmente <em>virtudes<\/em>, porque son igualmente propiedad \u2014aunque, en comparaci\u00f3n con otras, no particular\u2014 del <em>individuo<\/em>. Pero hablar <em>de la<\/em> virtud linda f\u00e1cilmente con la declamaci\u00f3n vac\u00eda, porque con ello solo se habla de algo abstracto e indeterminado, as\u00ed como tambi\u00e9n tal discurso, con sus razones y exposiciones, se dirige al individuo como a un arbitrio y un capricho subjetivo. En un estado \u00e9tico existente, cuyas relaciones est\u00e1n completamente desarrolladas y realizadas, la <em>virtud propiamente dicha<\/em> tiene su lugar y realidad solo en circunstancias extraordinarias y en colisiones de aquellas relaciones \u2014 en <em>colisiones verdaderas<\/em>, pues la reflexi\u00f3n moral puede crearse colisiones por doquier y darse conciencia de algo particular y de <em>sacrificios<\/em> realizados. En el estado no formado de la sociedad y la comunidad aparece, por ello, m\u00e1s la forma de la virtud como tal, porque aqu\u00ed lo \u00e9tico y su realizaci\u00f3n son m\u00e1s un arbitrio individual y una naturaleza genial peculiar del individuo, as\u00ed como los antiguos predicaron especialmente de <em>H\u00e9rcules<\/em> la virtud. Tambi\u00e9n en los Estados antiguos, porque en ellos la eticidad no hab\u00eda llegado a este sistema libre de un desarrollo independiente y de objetividad, tuvo que ser la genialidad peculiar de los individuos la que supliera esta carencia. \u2014 La doctrina de las virtudes, en la medida en que no es meramente doctrina de los deberes y comprende, por tanto, lo particular del car\u00e1cter, fundado en la determinidad natural, ser\u00e1 entonces una <em>historia natural espiritual<\/em>.\n\nEn la medida en que las virtudes son lo \u00e9tico en su aplicaci\u00f3n a lo particular, y son, seg\u00fan este lado subjetivo, algo indeterminado, entra para su determinaci\u00f3n lo cuantitativo del m\u00e1s y el menos; su consideraci\u00f3n trae consigo, por ello, los defectos o vicios opuestos, como en <em>Arist\u00f3teles<\/em>, quien, seg\u00fan su recto sentido, determin\u00f3 por ello la virtud particular como el t\u00e9rmino medio entre un <em>demasiado<\/em> y un <em>demasiado poco<\/em>. \u2014 El mismo contenido que adopta la forma de <em>deberes<\/em>, y luego de <em>virtudes<\/em>, es tambi\u00e9n el que tiene la forma de <em>impulsos<\/em> (<a href=\"https:\/\/grundlinien.de\/es\/19\/\">\u00a7 19<\/a>, Observaci\u00f3n). Tambi\u00e9n ellos tienen el mismo contenido por fundamento; pero, porque en ellos este pertenece todav\u00eda a la voluntad inmediata y al sentimiento natural, y no est\u00e1 elevado a la determinaci\u00f3n de la eticidad, tienen en com\u00fan con el contenido de los deberes y las virtudes solo el objeto abstracto, el cual, en cuanto carente de determinaci\u00f3n en s\u00ed mismo, no contiene para ellos el l\u00edmite entre lo bueno o lo malo \u2014 o son, seg\u00fan la abstracci\u00f3n de lo positivo, <em>buenos<\/em>, y, a la inversa, seg\u00fan la abstracci\u00f3n de lo negativo, <em>malos<\/em> (<a href=\"https:\/\/grundlinien.de\/es\/18\/\">\u00a7 18<\/a>).<\/p>\n<\/blockquote>\n","protected":false},"excerpt":{"rendered":"<p>Lo \u00e9tico, en la medida en que se refleja en el car\u00e1cter individual, determinado por la naturaleza, en cuanto tal, es la virtud, la cual, en la medida en que no muestra otra cosa que la simple adecuaci\u00f3n del individuo a los deberes de las relaciones a que pertenece, es rectitud. Qu\u00e9 debe hacer el [&hellip;]<\/p>\n","protected":false},"author":1,"featured_media":0,"comment_status":"open","ping_status":"","sticky":false,"template":"","format":"standard","meta":{"footnotes":""},"categories":[],"tags":[50],"class_list":["post-901641","post","type-post","status-publish","format-standard","hentry","tag-concepto"],"_links":{"self":[{"href":"https:\/\/grundlinien.de\/es\/wp-json\/wp\/v2\/posts\/901641","targetHints":{"allow":["GET"]}}],"collection":[{"href":"https:\/\/grundlinien.de\/es\/wp-json\/wp\/v2\/posts"}],"about":[{"href":"https:\/\/grundlinien.de\/es\/wp-json\/wp\/v2\/types\/post"}],"author":[{"embeddable":true,"href":"https:\/\/grundlinien.de\/es\/wp-json\/wp\/v2\/users\/1"}],"replies":[{"embeddable":true,"href":"https:\/\/grundlinien.de\/es\/wp-json\/wp\/v2\/comments?post=901641"}],"version-history":[{"count":1,"href":"https:\/\/grundlinien.de\/es\/wp-json\/wp\/v2\/posts\/901641\/revisions"}],"predecessor-version":[{"id":901642,"href":"https:\/\/grundlinien.de\/es\/wp-json\/wp\/v2\/posts\/901641\/revisions\/901642"}],"wp:attachment":[{"href":"https:\/\/grundlinien.de\/es\/wp-json\/wp\/v2\/media?parent=901641"}],"wp:term":[{"taxonomy":"category","embeddable":true,"href":"https:\/\/grundlinien.de\/es\/wp-json\/wp\/v2\/categories?post=901641"},{"taxonomy":"post_tag","embeddable":true,"href":"https:\/\/grundlinien.de\/es\/wp-json\/wp\/v2\/tags?post=901641"}],"curies":[{"name":"wp","href":"https:\/\/api.w.org\/{rel}","templated":true}]}}