{"id":901647,"date":"2026-08-29T10:46:21","date_gmt":"2026-08-29T08:46:21","guid":{"rendered":"https:\/\/grundlinien.de\/?p=901647"},"modified":"2026-08-29T10:46:21","modified_gmt":"2026-08-29T08:46:21","slug":"154","status":"publish","type":"post","link":"https:\/\/grundlinien.de\/es\/154\/","title":{"rendered":"\u00a7 154"},"content":{"rendered":"\n<p class=\"wp-block-paragraph\">El derecho de los individuos a su <em>particularidad<\/em> est\u00e1 igualmente contenido en la sustancialidad \u00e9tica, pues la particularidad es el modo exteriormente fenom\u00e9nico en que existe lo \u00e9tico.<\/p>\n","protected":false},"excerpt":{"rendered":"<p>El derecho de los individuos a su particularidad est\u00e1 igualmente contenido en la sustancialidad \u00e9tica, pues la particularidad es el modo exteriormente fenom\u00e9nico en que existe lo \u00e9tico.<\/p>\n","protected":false},"author":1,"featured_media":0,"comment_status":"open","ping_status":"","sticky":false,"template":"","format":"standard","meta":{"footnotes":""},"categories":[],"tags":[50],"class_list":["post-901647","post","type-post","status-publish","format-standard","hentry","tag-concepto"],"_links":{"self":[{"href":"https:\/\/grundlinien.de\/es\/wp-json\/wp\/v2\/posts\/901647","targetHints":{"allow":["GET"]}}],"collection":[{"href":"https:\/\/grundlinien.de\/es\/wp-json\/wp\/v2\/posts"}],"about":[{"href":"https:\/\/grundlinien.de\/es\/wp-json\/wp\/v2\/types\/post"}],"author":[{"embeddable":true,"href":"https:\/\/grundlinien.de\/es\/wp-json\/wp\/v2\/users\/1"}],"replies":[{"embeddable":true,"href":"https:\/\/grundlinien.de\/es\/wp-json\/wp\/v2\/comments?post=901647"}],"version-history":[{"count":1,"href":"https:\/\/grundlinien.de\/es\/wp-json\/wp\/v2\/posts\/901647\/revisions"}],"predecessor-version":[{"id":901648,"href":"https:\/\/grundlinien.de\/es\/wp-json\/wp\/v2\/posts\/901647\/revisions\/901648"}],"wp:attachment":[{"href":"https:\/\/grundlinien.de\/es\/wp-json\/wp\/v2\/media?parent=901647"}],"wp:term":[{"taxonomy":"category","embeddable":true,"href":"https:\/\/grundlinien.de\/es\/wp-json\/wp\/v2\/categories?post=901647"},{"taxonomy":"post_tag","embeddable":true,"href":"https:\/\/grundlinien.de\/es\/wp-json\/wp\/v2\/tags?post=901647"}],"curies":[{"name":"wp","href":"https:\/\/api.w.org\/{rel}","templated":true}]}}