{"id":901651,"date":"2026-08-29T10:48:55","date_gmt":"2026-08-29T08:48:55","guid":{"rendered":"https:\/\/grundlinien.de\/?p=901651"},"modified":"2026-08-29T10:48:55","modified_gmt":"2026-08-29T08:48:55","slug":"156","status":"publish","type":"post","link":"https:\/\/grundlinien.de\/es\/156\/","title":{"rendered":"\u00a7 156"},"content":{"rendered":"\n<p class=\"wp-block-paragraph\">La sustancia \u00e9tica, en cuanto contiene, unida con su concepto, la autoconciencia que es para s\u00ed, es el <em>esp\u00edritu efectivo<\/em> de una familia y de un pueblo.<\/p>\n","protected":false},"excerpt":{"rendered":"<p>La sustancia \u00e9tica, en cuanto contiene, unida con su concepto, la autoconciencia que es para s\u00ed, es el esp\u00edritu efectivo de una familia y de un pueblo.<\/p>\n","protected":false},"author":1,"featured_media":0,"comment_status":"open","ping_status":"","sticky":false,"template":"","format":"standard","meta":{"footnotes":""},"categories":[],"tags":[50],"class_list":["post-901651","post","type-post","status-publish","format-standard","hentry","tag-concepto"],"_links":{"self":[{"href":"https:\/\/grundlinien.de\/es\/wp-json\/wp\/v2\/posts\/901651","targetHints":{"allow":["GET"]}}],"collection":[{"href":"https:\/\/grundlinien.de\/es\/wp-json\/wp\/v2\/posts"}],"about":[{"href":"https:\/\/grundlinien.de\/es\/wp-json\/wp\/v2\/types\/post"}],"author":[{"embeddable":true,"href":"https:\/\/grundlinien.de\/es\/wp-json\/wp\/v2\/users\/1"}],"replies":[{"embeddable":true,"href":"https:\/\/grundlinien.de\/es\/wp-json\/wp\/v2\/comments?post=901651"}],"version-history":[{"count":1,"href":"https:\/\/grundlinien.de\/es\/wp-json\/wp\/v2\/posts\/901651\/revisions"}],"predecessor-version":[{"id":901652,"href":"https:\/\/grundlinien.de\/es\/wp-json\/wp\/v2\/posts\/901651\/revisions\/901652"}],"wp:attachment":[{"href":"https:\/\/grundlinien.de\/es\/wp-json\/wp\/v2\/media?parent=901651"}],"wp:term":[{"taxonomy":"category","embeddable":true,"href":"https:\/\/grundlinien.de\/es\/wp-json\/wp\/v2\/categories?post=901651"},{"taxonomy":"post_tag","embeddable":true,"href":"https:\/\/grundlinien.de\/es\/wp-json\/wp\/v2\/tags?post=901651"}],"curies":[{"name":"wp","href":"https:\/\/api.w.org\/{rel}","templated":true}]}}