{"id":901655,"date":"2026-08-29T10:51:17","date_gmt":"2026-08-29T08:51:17","guid":{"rendered":"https:\/\/grundlinien.de\/?p=901655"},"modified":"2026-08-29T10:51:17","modified_gmt":"2026-08-29T08:51:17","slug":"158","status":"publish","type":"post","link":"https:\/\/grundlinien.de\/es\/158\/","title":{"rendered":"\u00a7 158"},"content":{"rendered":"\n<p class=\"wp-block-paragraph\"><strong>Primera Secci\u00f3n. La familia<\/strong><\/p>\n\n\n\n<p class=\"wp-block-paragraph\">La familia tiene, como la <em>sustancialidad inmediata<\/em> del esp\u00edritu, la unidad <em>sensible<\/em> de s\u00ed, el <em>amor<\/em>, por determinaci\u00f3n suya, de modo que la disposici\u00f3n de \u00e1nimo consiste en tener la autoconciencia de la propia individualidad <em>en esta unidad<\/em> como esencialidad que es en y para s\u00ed, para ser en ella no como una persona para s\u00ed, sino como <em>miembro<\/em>.<\/p>\n","protected":false},"excerpt":{"rendered":"<p>Primera Secci\u00f3n. La familia La familia tiene, como la sustancialidad inmediata del esp\u00edritu, la unidad sensible de s\u00ed, el amor, por determinaci\u00f3n suya, de modo que la disposici\u00f3n de \u00e1nimo consiste en tener la autoconciencia de la propia individualidad en esta unidad como esencialidad que es en y para s\u00ed, para ser en ella no [&hellip;]<\/p>\n","protected":false},"author":1,"featured_media":0,"comment_status":"open","ping_status":"","sticky":false,"template":"","format":"standard","meta":{"footnotes":""},"categories":[],"tags":[50],"class_list":["post-901655","post","type-post","status-publish","format-standard","hentry","tag-concepto"],"_links":{"self":[{"href":"https:\/\/grundlinien.de\/es\/wp-json\/wp\/v2\/posts\/901655","targetHints":{"allow":["GET"]}}],"collection":[{"href":"https:\/\/grundlinien.de\/es\/wp-json\/wp\/v2\/posts"}],"about":[{"href":"https:\/\/grundlinien.de\/es\/wp-json\/wp\/v2\/types\/post"}],"author":[{"embeddable":true,"href":"https:\/\/grundlinien.de\/es\/wp-json\/wp\/v2\/users\/1"}],"replies":[{"embeddable":true,"href":"https:\/\/grundlinien.de\/es\/wp-json\/wp\/v2\/comments?post=901655"}],"version-history":[{"count":1,"href":"https:\/\/grundlinien.de\/es\/wp-json\/wp\/v2\/posts\/901655\/revisions"}],"predecessor-version":[{"id":901656,"href":"https:\/\/grundlinien.de\/es\/wp-json\/wp\/v2\/posts\/901655\/revisions\/901656"}],"wp:attachment":[{"href":"https:\/\/grundlinien.de\/es\/wp-json\/wp\/v2\/media?parent=901655"}],"wp:term":[{"taxonomy":"category","embeddable":true,"href":"https:\/\/grundlinien.de\/es\/wp-json\/wp\/v2\/categories?post=901655"},{"taxonomy":"post_tag","embeddable":true,"href":"https:\/\/grundlinien.de\/es\/wp-json\/wp\/v2\/tags?post=901655"}],"curies":[{"name":"wp","href":"https:\/\/api.w.org\/{rel}","templated":true}]}}