{"id":901661,"date":"2026-08-29T10:54:48","date_gmt":"2026-08-29T08:54:48","guid":{"rendered":"https:\/\/grundlinien.de\/?p=901661"},"modified":"2026-08-29T20:00:51","modified_gmt":"2026-08-29T18:00:51","slug":"161","status":"publish","type":"post","link":"https:\/\/grundlinien.de\/es\/161\/","title":{"rendered":"\u00a7 161"},"content":{"rendered":"\n<p class=\"wp-block-paragraph\"><strong>A. El matrimonio<\/strong><\/p>\n\n\n\n<p class=\"wp-block-paragraph\">El matrimonio contiene, como la <em>relaci\u00f3n \u00e9tica inmediata<\/em>, <em>en primer lugar<\/em>, el momento de la vitalidad <em>natural<\/em>, y, por cierto, como relaci\u00f3n sustancial, la vitalidad en su totalidad, es decir, como realidad del <em>g\u00e9nero<\/em> y su proceso (v\u00e9ase <em>Enciclopedia de las ciencias filos\u00f3ficas<\/em>, <a href=\"https:\/\/grundlinien.de\/es\/167\/\">\u00a7 167<\/a> y ss. y <a href=\"https:\/\/grundlinien.de\/es\/288\/\">\u00a7 288<\/a> y ss.). Pero en la autoconciencia, <em>en segundo lugar<\/em>, la unidad de los sexos naturales, que es solo <em>interior<\/em>, o <em>en s\u00ed<\/em>, y precisamente por ello, en su existencia, solo exterior, se transforma en una unidad <em>espiritual<\/em>, en amor consciente de s\u00ed.<\/p>\n","protected":false},"excerpt":{"rendered":"<p>A. El matrimonio El matrimonio contiene, como la relaci\u00f3n \u00e9tica inmediata, en primer lugar, el momento de la vitalidad natural, y, por cierto, como relaci\u00f3n sustancial, la vitalidad en su totalidad, es decir, como realidad del g\u00e9nero y su proceso (v\u00e9ase Enciclopedia de las ciencias filos\u00f3ficas, \u00a7 167 y ss. y \u00a7 288 y ss.). [&hellip;]<\/p>\n","protected":false},"author":1,"featured_media":0,"comment_status":"open","ping_status":"","sticky":false,"template":"","format":"standard","meta":{"footnotes":""},"categories":[],"tags":[50],"class_list":["post-901661","post","type-post","status-publish","format-standard","hentry","tag-concepto"],"_links":{"self":[{"href":"https:\/\/grundlinien.de\/es\/wp-json\/wp\/v2\/posts\/901661","targetHints":{"allow":["GET"]}}],"collection":[{"href":"https:\/\/grundlinien.de\/es\/wp-json\/wp\/v2\/posts"}],"about":[{"href":"https:\/\/grundlinien.de\/es\/wp-json\/wp\/v2\/types\/post"}],"author":[{"embeddable":true,"href":"https:\/\/grundlinien.de\/es\/wp-json\/wp\/v2\/users\/1"}],"replies":[{"embeddable":true,"href":"https:\/\/grundlinien.de\/es\/wp-json\/wp\/v2\/comments?post=901661"}],"version-history":[{"count":2,"href":"https:\/\/grundlinien.de\/es\/wp-json\/wp\/v2\/posts\/901661\/revisions"}],"predecessor-version":[{"id":902107,"href":"https:\/\/grundlinien.de\/es\/wp-json\/wp\/v2\/posts\/901661\/revisions\/902107"}],"wp:attachment":[{"href":"https:\/\/grundlinien.de\/es\/wp-json\/wp\/v2\/media?parent=901661"}],"wp:term":[{"taxonomy":"category","embeddable":true,"href":"https:\/\/grundlinien.de\/es\/wp-json\/wp\/v2\/categories?post=901661"},{"taxonomy":"post_tag","embeddable":true,"href":"https:\/\/grundlinien.de\/es\/wp-json\/wp\/v2\/tags?post=901661"}],"curies":[{"name":"wp","href":"https:\/\/api.w.org\/{rel}","templated":true}]}}