{"id":901669,"date":"2026-08-29T10:59:41","date_gmt":"2026-08-29T08:59:41","guid":{"rendered":"https:\/\/grundlinien.de\/?p=901669"},"modified":"2026-08-29T10:59:41","modified_gmt":"2026-08-29T08:59:41","slug":"165","status":"publish","type":"post","link":"https:\/\/grundlinien.de\/es\/165\/","title":{"rendered":"\u00a7 165"},"content":{"rendered":"\n<p class=\"wp-block-paragraph\">La determinidad <em>natural<\/em> de los dos sexos recibe, por medio de su racionalidad, un significado <em>intelectual<\/em> y <em>\u00e9tico<\/em>. Este significado est\u00e1 determinado por la diferencia en la cual la sustancialidad \u00e9tica, en cuanto concepto, se dirime en s\u00ed misma, para ganar de ella su vitalidad como unidad concreta.<\/p>\n","protected":false},"excerpt":{"rendered":"<p>La determinidad natural de los dos sexos recibe, por medio de su racionalidad, un significado intelectual y \u00e9tico. Este significado est\u00e1 determinado por la diferencia en la cual la sustancialidad \u00e9tica, en cuanto concepto, se dirime en s\u00ed misma, para ganar de ella su vitalidad como unidad concreta.<\/p>\n","protected":false},"author":1,"featured_media":0,"comment_status":"open","ping_status":"","sticky":false,"template":"","format":"standard","meta":{"footnotes":""},"categories":[],"tags":[50],"class_list":["post-901669","post","type-post","status-publish","format-standard","hentry","tag-concepto"],"_links":{"self":[{"href":"https:\/\/grundlinien.de\/es\/wp-json\/wp\/v2\/posts\/901669","targetHints":{"allow":["GET"]}}],"collection":[{"href":"https:\/\/grundlinien.de\/es\/wp-json\/wp\/v2\/posts"}],"about":[{"href":"https:\/\/grundlinien.de\/es\/wp-json\/wp\/v2\/types\/post"}],"author":[{"embeddable":true,"href":"https:\/\/grundlinien.de\/es\/wp-json\/wp\/v2\/users\/1"}],"replies":[{"embeddable":true,"href":"https:\/\/grundlinien.de\/es\/wp-json\/wp\/v2\/comments?post=901669"}],"version-history":[{"count":1,"href":"https:\/\/grundlinien.de\/es\/wp-json\/wp\/v2\/posts\/901669\/revisions"}],"predecessor-version":[{"id":901670,"href":"https:\/\/grundlinien.de\/es\/wp-json\/wp\/v2\/posts\/901669\/revisions\/901670"}],"wp:attachment":[{"href":"https:\/\/grundlinien.de\/es\/wp-json\/wp\/v2\/media?parent=901669"}],"wp:term":[{"taxonomy":"category","embeddable":true,"href":"https:\/\/grundlinien.de\/es\/wp-json\/wp\/v2\/categories?post=901669"},{"taxonomy":"post_tag","embeddable":true,"href":"https:\/\/grundlinien.de\/es\/wp-json\/wp\/v2\/tags?post=901669"}],"curies":[{"name":"wp","href":"https:\/\/api.w.org\/{rel}","templated":true}]}}